{"id":119958,"date":"2017-08-28T17:19:14","date_gmt":"2017-08-28T20:19:14","guid":{"rendered":"https:\/\/www.redenoticia.com.br\/noticia\/?p=119958"},"modified":"2017-08-28T17:19:14","modified_gmt":"2017-08-28T20:19:14","slug":"resumo-novela-novo-mundo-2908-hugo-e-o-novo-dono-da-taberna","status":"publish","type":"post","link":"https:\/\/migracao.redenoticia.com.br\/noticia\/2017\/resumo-novela-novo-mundo-2908-hugo-e-o-novo-dono-da-taberna\/119958","title":{"rendered":"Resumo novela \u201cNovo Mundo\u201d 29\/08: Hugo \u00e9 o novo dono da taberna"},"content":{"rendered":"<p><img loading=\"lazy\" decoding=\"async\" class=\"alignleft size-thumbnail wp-image-107950\" src=\"https:\/\/migracao.redenoticia.com.br\/noticia\/imagens\/novo_mundo_novela_resumo_globo-150x112.jpg\" alt=\"\" width=\"150\" height=\"112\" srcset=\"https:\/\/migracao.redenoticia.com.br\/noticia\/imagens\/novo_mundo_novela_resumo_globo-150x112.jpg 150w, https:\/\/migracao.redenoticia.com.br\/noticia\/imagens\/novo_mundo_novela_resumo_globo-265x198.jpg 265w\" sizes=\"auto, (max-width: 150px) 100vw, 150px\" \/><strong><em>Resumo novela \u201cNovo Mundo\u201d 29\/08<\/em><\/strong>: no cap\u00edtulo 137(*) da novela \u201cNovo Mundo\u201d, resumo de ter\u00e7a-feira, 29 de agosto, Bonif\u00e1cio anuncia a Leopoldina que precisar\u00e1 se afastar da princesa. Chala\u00e7a incentiva Pedro a esquecer Domitila. Domitila garante a Rosa que conquistar\u00e1 de volta tudo o que perdeu. Peter sofre com o estado de Am\u00e1lia. Germana decide abandonar Licurgo e seguir com a trupe de teatro. Piat\u00e3 visita uma mem\u00f3ria particular de Tibiri\u00e7\u00e1, que pede segredo ao rapaz. Dom Pedro questiona Leopoldina sobre Bonif\u00e1cio. Chala\u00e7a alerta Dom Pedro sobre a poss\u00edvel invas\u00e3o das tropas do General Madeira. Diara se assusta com o comportamento de Wolfgang, e Greta finge que chamar\u00e1 Peter. Germana volta para Licurgo. Hugo revela que \u00e9 o novo dono da taberna.<\/p>\n<p>(*) edi\u00e7\u00e3o da Rede Globo, Novela \u201cNovo Mundo\u201d, sujeito a altera\u00e7\u00e3o de data e conte\u00fado.<\/p>\n<p>Novo Mundo \u00e9 uma telenovela brasileira produzida pela Rede Globo. Escrita por Thereza Falc\u00e3o e Alessandro Marson, conta com dire\u00e7\u00e3o art\u00edstica de Vin\u00edcius Coimbra. Conta com as participa\u00e7\u00f5es de Isabelle Drummond, Chay Suede, Caio Castro, Let\u00edcia Colin, Leo Jaime, D\u00e9bora Olivieri, Rodrigo Simas, Giullia Buscacio, Vivianne Pasmanter, Guilherme Piva, R\u00f4mulo Estrela, Agatha Moreira, Luisa Micheletti, Gabriel Braga Nunes, e Ingrid Guimar\u00e3es.<\/p>\n","protected":false},"excerpt":{"rendered":"<p>Resumo novela \u201cNovo Mundo\u201d 29\/08: no cap\u00edtulo 137(*) da novela \u201cNovo Mundo\u201d, resumo de ter\u00e7a-feira, 29 de agosto, Bonif\u00e1cio anuncia a Leopoldina que precisar\u00e1 se afastar da princesa. Chala\u00e7a incentiva Pedro a esquecer Domitila. Domitila garante a Rosa que conquistar\u00e1 de volta tudo o que perdeu. Peter sofre com o estado de Am\u00e1lia. Germana decide [&hellip;]<\/p>\n","protected":false},"author":4,"featured_media":107950,"comment_status":"open","ping_status":"closed","sticky":false,"template":"","format":"standard","meta":{"tdm_status":"","tdm_grid_status":"","footnotes":""},"categories":[379,375,343],"tags":[441],"class_list":{"0":"post-119958","1":"post","2":"type-post","3":"status-publish","4":"format-standard","5":"has-post-thumbnail","7":"category-novelas","8":"category-rede-globo","9":"category-televisao","10":"tag-resumo-do-dia"},"_links":{"self":[{"href":"https:\/\/migracao.redenoticia.com.br\/noticia\/wp-json\/wp\/v2\/posts\/119958","targetHints":{"allow":["GET"]}}],"collection":[{"href":"https:\/\/migracao.redenoticia.com.br\/noticia\/wp-json\/wp\/v2\/posts"}],"about":[{"href":"https:\/\/migracao.redenoticia.com.br\/noticia\/wp-json\/wp\/v2\/types\/post"}],"author":[{"embeddable":true,"href":"https:\/\/migracao.redenoticia.com.br\/noticia\/wp-json\/wp\/v2\/users\/4"}],"replies":[{"embeddable":true,"href":"https:\/\/migracao.redenoticia.com.br\/noticia\/wp-json\/wp\/v2\/comments?post=119958"}],"version-history":[{"count":0,"href":"https:\/\/migracao.redenoticia.com.br\/noticia\/wp-json\/wp\/v2\/posts\/119958\/revisions"}],"wp:featuredmedia":[{"embeddable":true,"href":"https:\/\/migracao.redenoticia.com.br\/noticia\/wp-json\/wp\/v2\/media\/107950"}],"wp:attachment":[{"href":"https:\/\/migracao.redenoticia.com.br\/noticia\/wp-json\/wp\/v2\/media?parent=119958"}],"wp:term":[{"taxonomy":"category","embeddable":true,"href":"https:\/\/migracao.redenoticia.com.br\/noticia\/wp-json\/wp\/v2\/categories?post=119958"},{"taxonomy":"post_tag","embeddable":true,"href":"https:\/\/migracao.redenoticia.com.br\/noticia\/wp-json\/wp\/v2\/tags?post=119958"}],"curies":[{"name":"wp","href":"https:\/\/api.w.org\/{rel}","templated":true}]}}