{"id":119960,"date":"2017-08-28T17:20:11","date_gmt":"2017-08-28T20:20:11","guid":{"rendered":"https:\/\/www.redenoticia.com.br\/noticia\/?p=119960"},"modified":"2017-08-28T17:20:11","modified_gmt":"2017-08-28T20:20:11","slug":"resumo-novela-pega-pega-2908-luiza-viaja-com-antonia-para-conservatoria","status":"publish","type":"post","link":"https:\/\/migracao.redenoticia.com.br\/noticia\/2017\/resumo-novela-pega-pega-2908-luiza-viaja-com-antonia-para-conservatoria\/119960","title":{"rendered":"Resumo novela \u201cPega Pega\u201d 29\/08: Luiza viaja com Ant\u00f4nia para Conservat\u00f3ria"},"content":{"rendered":"<p><img loading=\"lazy\" decoding=\"async\" class=\"alignleft size-thumbnail wp-image-114640\" src=\"https:\/\/migracao.redenoticia.com.br\/noticia\/imagens\/pega-pega-globo-novela-resumo-150x112.jpg\" alt=\"\" width=\"150\" height=\"112\" srcset=\"https:\/\/migracao.redenoticia.com.br\/noticia\/imagens\/pega-pega-globo-novela-resumo-150x112.jpg 150w, https:\/\/migracao.redenoticia.com.br\/noticia\/imagens\/pega-pega-globo-novela-resumo-265x198.jpg 265w\" sizes=\"auto, (max-width: 150px) 100vw, 150px\" \/><strong><em>Resumo novela \u201cPega Pega\u201d 29\/08<\/em><\/strong>: no cap\u00edtulo 073(*) da novela \u201cPega Pega\u201d, resumo de ter\u00e7a-feira, 29 de agosto, Eric aconselha Sabine a n\u00e3o se opor \u00e0 conviv\u00eancia de Dom com os pais biol\u00f3gicos. Ant\u00f4nia diz a Luiza que elas ter\u00e3o que ir at\u00e9 a cidade de Conservat\u00f3ria, para falar com a bab\u00e1 de Bebeth. Elza vende o chap\u00e9u de Arlete para Madalena. Arlete se desespera ao constatar que Elza vendeu seu chap\u00e9u com as provas do acidente de Mirella. Dilson alerta Madalena que Agenor viu sua casa sendo invadida. Malagueta lembra de Maria Pia. Malagueta convence Sabine a permitir que a fam\u00edlia de Crist\u00f3v\u00e3o se aproxime de Dom, apostando que causar\u00e1 constrangimento. Dom acompanha T\u00e2nia a um pagode. Luiza aproveita que Eric foi para S\u00e3o Paulo e viaja com Ant\u00f4nia para Conservat\u00f3ria.<\/p>\n<p>(*) edi\u00e7\u00e3o da Rede Globo, Novela \u201cPega Pega\u201d, sujeito a altera\u00e7\u00e3o de data e conte\u00fado.<\/p>\n<p>Pega Pega \u00e9 uma telenovela brasileira produzida pela Rede Globo, para o hor\u00e1rio das 19 horas. Ambientada no Rio de Janeiro, entre os bairros de Copacabana e Tijuca, Pega Pega tem como trama central o roubo ao Hotel Carioca Palace e seus desdobramentos na vida de cada um dos envolvidos, sejam eles h\u00f3spedes, suspeitos ou convidados do grande baile de gala. Assinando a autoria de uma novela pela primeira vez, Claudia Souto prop\u00f5e falar de \u00e9tica com bom humor, sob o ponto de vista de pessoas comuns.<\/p>\n","protected":false},"excerpt":{"rendered":"<p>Resumo novela \u201cPega Pega\u201d 29\/08: no cap\u00edtulo 073(*) da novela \u201cPega Pega\u201d, resumo de ter\u00e7a-feira, 29 de agosto, Eric aconselha Sabine a n\u00e3o se opor \u00e0 conviv\u00eancia de Dom com os pais biol\u00f3gicos. Ant\u00f4nia diz a Luiza que elas ter\u00e3o que ir at\u00e9 a cidade de Conservat\u00f3ria, para falar com a bab\u00e1 de Bebeth. Elza [&hellip;]<\/p>\n","protected":false},"author":4,"featured_media":114640,"comment_status":"open","ping_status":"closed","sticky":false,"template":"","format":"standard","meta":{"tdm_status":"","tdm_grid_status":"","footnotes":""},"categories":[379,375,343],"tags":[441],"class_list":{"0":"post-119960","1":"post","2":"type-post","3":"status-publish","4":"format-standard","5":"has-post-thumbnail","7":"category-novelas","8":"category-rede-globo","9":"category-televisao","10":"tag-resumo-do-dia"},"_links":{"self":[{"href":"https:\/\/migracao.redenoticia.com.br\/noticia\/wp-json\/wp\/v2\/posts\/119960","targetHints":{"allow":["GET"]}}],"collection":[{"href":"https:\/\/migracao.redenoticia.com.br\/noticia\/wp-json\/wp\/v2\/posts"}],"about":[{"href":"https:\/\/migracao.redenoticia.com.br\/noticia\/wp-json\/wp\/v2\/types\/post"}],"author":[{"embeddable":true,"href":"https:\/\/migracao.redenoticia.com.br\/noticia\/wp-json\/wp\/v2\/users\/4"}],"replies":[{"embeddable":true,"href":"https:\/\/migracao.redenoticia.com.br\/noticia\/wp-json\/wp\/v2\/comments?post=119960"}],"version-history":[{"count":0,"href":"https:\/\/migracao.redenoticia.com.br\/noticia\/wp-json\/wp\/v2\/posts\/119960\/revisions"}],"wp:featuredmedia":[{"embeddable":true,"href":"https:\/\/migracao.redenoticia.com.br\/noticia\/wp-json\/wp\/v2\/media\/114640"}],"wp:attachment":[{"href":"https:\/\/migracao.redenoticia.com.br\/noticia\/wp-json\/wp\/v2\/media?parent=119960"}],"wp:term":[{"taxonomy":"category","embeddable":true,"href":"https:\/\/migracao.redenoticia.com.br\/noticia\/wp-json\/wp\/v2\/categories?post=119960"},{"taxonomy":"post_tag","embeddable":true,"href":"https:\/\/migracao.redenoticia.com.br\/noticia\/wp-json\/wp\/v2\/tags?post=119960"}],"curies":[{"name":"wp","href":"https:\/\/api.w.org\/{rel}","templated":true}]}}