{"id":119964,"date":"2017-08-28T17:22:06","date_gmt":"2017-08-28T20:22:06","guid":{"rendered":"https:\/\/www.redenoticia.com.br\/noticia\/?p=119964"},"modified":"2017-08-28T17:22:06","modified_gmt":"2017-08-28T20:22:06","slug":"resumo-novela-os-dias-eram-assim-2908-vitor-e-preso","status":"publish","type":"post","link":"https:\/\/migracao.redenoticia.com.br\/noticia\/2017\/resumo-novela-os-dias-eram-assim-2908-vitor-e-preso\/119964","title":{"rendered":"Resumo novela \u201cOs Dias Eram Assim\u201d 29\/08: Vitor \u00e9 preso"},"content":{"rendered":"<p><img loading=\"lazy\" decoding=\"async\" class=\"alignleft size-thumbnail wp-image-110067\" src=\"https:\/\/migracao.redenoticia.com.br\/noticia\/imagens\/os-dias-eram-assim-resumo-novela-globo-150x112.jpg\" alt=\"\" width=\"150\" height=\"112\" srcset=\"https:\/\/migracao.redenoticia.com.br\/noticia\/imagens\/os-dias-eram-assim-resumo-novela-globo-150x112.jpg 150w, https:\/\/migracao.redenoticia.com.br\/noticia\/imagens\/os-dias-eram-assim-resumo-novela-globo-265x198.jpg 265w\" sizes=\"auto, (max-width: 150px) 100vw, 150px\" \/><strong><em>Resumo novela \u201cOs Dias Eram Assim\u201d 29\/08<\/em><\/strong>: no cap\u00edtulo 078(*) da novela \u201cOs Dias Eram Assim\u201d, resumo de ter\u00e7a-feira, 29 de agosto, Cora descobre que Kiki foi at\u00e9 o s\u00edtio atr\u00e1s de Alice, e Amaral se recusa a lev\u00e1-la at\u00e9 o local. Kiki vai com Hugo e dois policiais ao s\u00edtio de Amaral. Nanda passa mal e Ca\u00edque tenta ajud\u00e1-la. Vitor \u00e9 preso. Maria apoia que Gustavo assuma seu filho com Rimena. Ernesto revela para Vera a sua hist\u00f3ria. Nat\u00e1lia conta para C\u00e1tia que Serginho entrou no quarto secreto de Amaral. Toni gosta quando Maria desiste de sair com Monique para ficar com ele. Monique se aconselha com Leon. Ca\u00edque tenta tranquilizar Nanda. Amaral consegue tirar Vitor da pris\u00e3o. Gustavo implora que Rimena n\u00e3o deixe o Brasil e a beija. Lucas ouve uma conversa de Kiki e Renato sobre ele. Cora se preocupa com o estado emocional de Vitor.<\/p>\n<p>(*) edi\u00e7\u00e3o da Rede Globo, Novela \u201cOs Dias Eram Assim\u201d, sujeito a altera\u00e7\u00e3o de data e conte\u00fado.<\/p>\n<p>Os Dias Eram Assim \u00e9 uma s\u00e9rie de televis\u00e3o brasileira produzida e exibida pela Rede Globo. Escrita por \u00c2ngela Chaves e Alessandra Poggi, com colabora\u00e7\u00e3o de Guilherme Vasconcelos e Mariana Torres, conta com a dire\u00e7\u00e3o geral e art\u00edstica de Carlos Ara\u00fajo. \u00c9 a primeira trama exibida como supers\u00e9rie na faixa das 23 horas do canal, sendo que at\u00e9 Liberdade, Liberdade (2016) era denominada de novela das onze. Conta com as participa\u00e7\u00f5es de Sophie Charlotte, Renato G\u00f3es, Daniel de Oliveira, Maria Casadevall, Gabriel Leone, Caio Blat, Susana Vieira e Antonio Calloni. A trama se inicia em 21 de junho de 1970, data da final da Copa do Mundo, do qual o Brasil sai vitorioso. Em meio as comemora\u00e7\u00f5es e o contraste pol\u00edtico e social desolador, promovido pela Ditadura Militar, Alice e Renato se conhecem, iniciando uma hist\u00f3ria de amor que ir\u00e1 durar por quase 20 anos, passando por diversos eventos hist\u00f3ricos at\u00e9 as Diretas J\u00e1. O m\u00e9dico Renato \u00e9 filho primog\u00eanito de Vera, dona de uma livraria em Copacabana, cujos irm\u00e3os s\u00e3o engajados cada um a seu modo. Gustavo sai \u00e0s ruas pela liberdade, enquanto Maria usa a arte para se expressar e manifestar&#8230;.Criada numa fam\u00edlia conservadora, Alice \u00e9 filha de Arnaldo, empreiteiro apoiador do regime vigente e, que executa obras para o Governo. Batendo de frente com o pensamento do pai, que vive em conflito com Kiki, pelo fato da esposa n\u00e3o conseguir controlar a filha, a estudante de Letras contraria o desejo imposto pela fam\u00edlia e deixa Vitor, bra\u00e7o direito do pai na empreiteira, com quem namora h\u00e1 anos. Inconformado, Vitor arma para que Renato seja acusado de subvers\u00e3o e consiga retomar o romance. For\u00e7ado a sair do Pa\u00eds, Renato parte para o Chile e espera que Alice o acompanhe, mas ela acaba por n\u00e3o embarcar. No exterior, conhece a m\u00e9dica Rimena, cujos interesses se revelam m\u00fatuos. Durante a Anistia, Renato retorna ao Brasil e se reencontra com Alice, trazendo \u00e0 tona os mesmos sentimentos.<\/p>\n","protected":false},"excerpt":{"rendered":"<p>Resumo novela \u201cOs Dias Eram Assim\u201d 29\/08: no cap\u00edtulo 078(*) da novela \u201cOs Dias Eram Assim\u201d, resumo de ter\u00e7a-feira, 29 de agosto, Cora descobre que Kiki foi at\u00e9 o s\u00edtio atr\u00e1s de Alice, e Amaral se recusa a lev\u00e1-la at\u00e9 o local. Kiki vai com Hugo e dois policiais ao s\u00edtio de Amaral. Nanda passa [&hellip;]<\/p>\n","protected":false},"author":4,"featured_media":110067,"comment_status":"open","ping_status":"closed","sticky":false,"template":"","format":"standard","meta":{"tdm_status":"","tdm_grid_status":"","footnotes":""},"categories":[379,375,343],"tags":[441],"class_list":{"0":"post-119964","1":"post","2":"type-post","3":"status-publish","4":"format-standard","5":"has-post-thumbnail","7":"category-novelas","8":"category-rede-globo","9":"category-televisao","10":"tag-resumo-do-dia"},"_links":{"self":[{"href":"https:\/\/migracao.redenoticia.com.br\/noticia\/wp-json\/wp\/v2\/posts\/119964","targetHints":{"allow":["GET"]}}],"collection":[{"href":"https:\/\/migracao.redenoticia.com.br\/noticia\/wp-json\/wp\/v2\/posts"}],"about":[{"href":"https:\/\/migracao.redenoticia.com.br\/noticia\/wp-json\/wp\/v2\/types\/post"}],"author":[{"embeddable":true,"href":"https:\/\/migracao.redenoticia.com.br\/noticia\/wp-json\/wp\/v2\/users\/4"}],"replies":[{"embeddable":true,"href":"https:\/\/migracao.redenoticia.com.br\/noticia\/wp-json\/wp\/v2\/comments?post=119964"}],"version-history":[{"count":0,"href":"https:\/\/migracao.redenoticia.com.br\/noticia\/wp-json\/wp\/v2\/posts\/119964\/revisions"}],"wp:featuredmedia":[{"embeddable":true,"href":"https:\/\/migracao.redenoticia.com.br\/noticia\/wp-json\/wp\/v2\/media\/110067"}],"wp:attachment":[{"href":"https:\/\/migracao.redenoticia.com.br\/noticia\/wp-json\/wp\/v2\/media?parent=119964"}],"wp:term":[{"taxonomy":"category","embeddable":true,"href":"https:\/\/migracao.redenoticia.com.br\/noticia\/wp-json\/wp\/v2\/categories?post=119964"},{"taxonomy":"post_tag","embeddable":true,"href":"https:\/\/migracao.redenoticia.com.br\/noticia\/wp-json\/wp\/v2\/tags?post=119964"}],"curies":[{"name":"wp","href":"https:\/\/api.w.org\/{rel}","templated":true}]}}