{"id":119989,"date":"2017-08-29T16:40:05","date_gmt":"2017-08-29T19:40:05","guid":{"rendered":"https:\/\/www.redenoticia.com.br\/noticia\/?p=119989"},"modified":"2017-08-28T19:03:50","modified_gmt":"2017-08-28T22:03:50","slug":"novela-ribeirao-do-tempo-resumo-3008-arminda-aprova-o-novo-visual-de-filomena","status":"publish","type":"post","link":"https:\/\/migracao.redenoticia.com.br\/noticia\/2017\/novela-ribeirao-do-tempo-resumo-3008-arminda-aprova-o-novo-visual-de-filomena\/119989","title":{"rendered":"Novela \u201cRibeir\u00e3o do Tempo\u201d resumo 30\/08: Arminda aprova o novo visual de Filomena"},"content":{"rendered":"<p> <img loading=\"lazy\" decoding=\"async\" src=\"https:\/\/migracao.redenoticia.com.br\/noticia\/imagens\/ribeirao_do_tempo_novela_record_resumo-150x112.jpg\" alt=\"\" width=\"150\" height=\"112\" class=\"alignleft size-thumbnail wp-image-108265\" srcset=\"https:\/\/migracao.redenoticia.com.br\/noticia\/imagens\/ribeirao_do_tempo_novela_record_resumo-150x112.jpg 150w, https:\/\/migracao.redenoticia.com.br\/noticia\/imagens\/ribeirao_do_tempo_novela_record_resumo-265x198.jpg 265w\" sizes=\"auto, (max-width: 150px) 100vw, 150px\" \/><strong><em>Novela \u201cRibeir\u00e3o do Tempo\u201d resumo 30\/08<\/em><\/strong>: no capitulo 127 (*) da novela \u201cRibeir\u00e3o do Tempo\u201d, quarta-feira, 30 de agosto, Joca conta a Newton sobre a hist\u00f3ria da mulher misteriosa que o contratou. Virg\u00edlio pergunta aos capangas para onde est\u00e1 sendo levado. Encapuzado, ele \u00e9 levado para um galp\u00e3o. Um turista liga para a pousada e avisa a Tito que ningu\u00e9m apareceu para peg\u00e1-los. Tito decide ir buscar os h\u00f3spedes. Iara fica nervosa ao saber do sumi\u00e7o de Virg\u00edlio, mas tenta disfar\u00e7ar. Newton agradece a Joca pela informa\u00e7\u00e3o sobre Ferrolho. Arminda aprova o novo visual de Filomena, que fica muito feliz com o resultado. Karina diz a Zuleide que agora tem certeza de que Tito ainda come em sua m\u00e3o. <\/p>\n<p>Tito se encontra com os turistas e pede desculpas pela demora. Karina liga para Tito e os dois se falam normalmente. Nicolau se aproxima de Virg\u00edlio e tira o capuz dele, que logo pergunta o que est\u00e1 acontecendo. Virg\u00edlio diz ao senador que n\u00e3o fez nada. Nicolau pergunta a Virg\u00edlio por que ele mandou a foto para ele. Virg\u00edlio afirma que n\u00e3o tem nada a ver com essa hist\u00f3ria. Joca vai at\u00e9 a casa de Flores e ambos mentem e desconfiam um do outro. Joca diz ao professor que, se foi a Conspira\u00e7\u00e3o Azul que tentou mat\u00e1-lo, talvez seja uma boa ele se juntar ao Comando Invis\u00edvel. <\/p>\n<p>Nicolau arranca um dente de Virg\u00edlio a sangue frio. Virg\u00edlio se desespera. Os turistas chegam \u00e0 pousada. Tito liga para a delegacia e avisa a Marta que Virg\u00edlio sumiu. Diana veste uma roupa sofisticada e encara uma personagem adulta e sensual. Joca se surpreende ao ver Diana toda arrumada e diz que ela aparenta ter 18 anos. Diana adora e convida Joca para jantar com ela. Ensanguentado e com muita dor, Virg\u00edlio conta a Nicolau que acha que quem est\u00e1 por tr\u00e1s da hist\u00f3ria da foto \u00e9 Iara e revela que foi chantageado por ela. Ele explica que a aventureira tem v\u00e1rias fotos deles, inclusive de Ferrolho. Marta fala para Tito que n\u00e3o tem nenhuma not\u00edcia de Virg\u00edlio at\u00e9 o momento. Virg\u00edlio explica para Nicolau que se acontecer alguma coisa com Iara eles v\u00e3o se dar mal, porque ela montou um dossi\u00ea com as fotos e mandou para outra pessoa. Nicolau e Nasinho batem em Virg\u00edlio. Diana explica a Joca como usar os talheres.<\/p>\n<p>(*) edi\u00e7\u00e3o da Rede Record, Novela \u201cRibeir\u00e3o do Tempo\u201d, sujeito a altera\u00e7\u00e3o de data e conte\u00fado.<\/p>\n","protected":false},"excerpt":{"rendered":"<p>Novela \u201cRibeir\u00e3o do Tempo\u201d resumo 30\/08: no capitulo 127 (*) da novela \u201cRibeir\u00e3o do Tempo\u201d, quarta-feira, 30 de agosto, Joca conta a Newton sobre a hist\u00f3ria da mulher misteriosa que o contratou. Virg\u00edlio pergunta aos capangas para onde est\u00e1 sendo levado. Encapuzado, ele \u00e9 levado para um galp\u00e3o. Um turista liga para a pousada e [&hellip;]<\/p>\n","protected":false},"author":2,"featured_media":108265,"comment_status":"open","ping_status":"closed","sticky":false,"template":"","format":"standard","meta":{"tdm_status":"","tdm_grid_status":"","footnotes":""},"categories":[379,371,343],"tags":[441],"class_list":{"0":"post-119989","1":"post","2":"type-post","3":"status-publish","4":"format-standard","5":"has-post-thumbnail","7":"category-novelas","8":"category-rede-record","9":"category-televisao","10":"tag-resumo-do-dia"},"_links":{"self":[{"href":"https:\/\/migracao.redenoticia.com.br\/noticia\/wp-json\/wp\/v2\/posts\/119989","targetHints":{"allow":["GET"]}}],"collection":[{"href":"https:\/\/migracao.redenoticia.com.br\/noticia\/wp-json\/wp\/v2\/posts"}],"about":[{"href":"https:\/\/migracao.redenoticia.com.br\/noticia\/wp-json\/wp\/v2\/types\/post"}],"author":[{"embeddable":true,"href":"https:\/\/migracao.redenoticia.com.br\/noticia\/wp-json\/wp\/v2\/users\/2"}],"replies":[{"embeddable":true,"href":"https:\/\/migracao.redenoticia.com.br\/noticia\/wp-json\/wp\/v2\/comments?post=119989"}],"version-history":[{"count":0,"href":"https:\/\/migracao.redenoticia.com.br\/noticia\/wp-json\/wp\/v2\/posts\/119989\/revisions"}],"wp:featuredmedia":[{"embeddable":true,"href":"https:\/\/migracao.redenoticia.com.br\/noticia\/wp-json\/wp\/v2\/media\/108265"}],"wp:attachment":[{"href":"https:\/\/migracao.redenoticia.com.br\/noticia\/wp-json\/wp\/v2\/media?parent=119989"}],"wp:term":[{"taxonomy":"category","embeddable":true,"href":"https:\/\/migracao.redenoticia.com.br\/noticia\/wp-json\/wp\/v2\/categories?post=119989"},{"taxonomy":"post_tag","embeddable":true,"href":"https:\/\/migracao.redenoticia.com.br\/noticia\/wp-json\/wp\/v2\/tags?post=119989"}],"curies":[{"name":"wp","href":"https:\/\/api.w.org\/{rel}","templated":true}]}}