{"id":119991,"date":"2017-08-29T16:41:08","date_gmt":"2017-08-29T19:41:08","guid":{"rendered":"https:\/\/www.redenoticia.com.br\/noticia\/?p=119991"},"modified":"2017-08-30T19:43:08","modified_gmt":"2017-08-30T22:43:08","slug":"novela-bicho-do-mato-resumo-3008-ramalho-encontra-brandao-no-pantanal","status":"publish","type":"post","link":"https:\/\/migracao.redenoticia.com.br\/noticia\/2017\/novela-bicho-do-mato-resumo-3008-ramalho-encontra-brandao-no-pantanal\/119991","title":{"rendered":"Novela \u201cBicho do Mato\u201d resumo 30\/08: Em\u00edlio avista Juba e Cec\u00edlia dormindo"},"content":{"rendered":"<p> <img loading=\"lazy\" decoding=\"async\" class=\"alignleft size-thumbnail wp-image-119859\" src=\"https:\/\/migracao.redenoticia.com.br\/noticia\/imagens\/bicho_do_mato_novela_record_resumo-150x112.jpg\" alt=\"\" width=\"150\" height=\"112\" srcset=\"https:\/\/migracao.redenoticia.com.br\/noticia\/imagens\/bicho_do_mato_novela_record_resumo-150x112.jpg 150w, https:\/\/migracao.redenoticia.com.br\/noticia\/imagens\/bicho_do_mato_novela_record_resumo-265x198.jpg 265w\" sizes=\"auto, (max-width: 150px) 100vw, 150px\" \/><strong><em>Novela \u201cBicho do Mato\u201d resumo 30\/08<\/em><\/strong>: no capitulo 003 (*) da novela \u201cBicho do Mato\u201d, quarta-feira, 30 de agosto, Cec\u00edlia continua perdida, quando surge uma cobra pronta para dar o bote. Ela tenta fugir, mas Juba chega, pega a cobra e a joga na mata. Juba diz que \u00e9 primo de Em\u00edlio. Juba se esfor\u00e7a para livr\u00e1-la do veneno da cobra.Come\u00e7a a chover forte na fazenda. De repente, surge uma on\u00e7a na mata. Juba consegue afastar o animal. <\/p>\n<p>Juba diz que eles precisam achar um abrigo. Eles encontram uma gruta e decidem passar a noite por l\u00e1. Cec\u00edlia fica de suti\u00e3 para torcer a blusa. Juba faz a mesma coisa. Cec\u00edlia adormece, mas Juba percebe que ela est\u00e1 ardendo em febre. De manh\u00e3, Em\u00edlio e Iru chegam \u00e0 gruta. <\/p>\n<p>Em\u00edlio avista Juba e Cec\u00edlia dormindo. Em\u00edlio fica possesso. Os dois acordam sem entender&#8230;Cec\u00edlia diz que n\u00e3o aconteceu nada entre eles, e que Juba salvou sua vida. Eles voltam para a fazenda. L\u00e1, Laura conversa com Fernando e jura que nunca o traiu, que foi uma arma\u00e7\u00e3o. Brand\u00e3o diz para Ramalho que j\u00e1 armou o ataque aos \u00edndios para que Fernando e Juba apare\u00e7am. <\/p>\n<p>(*) edi\u00e7\u00e3o da Rede Record, Novela \u201cBicho do Mato\u201d, sujeito a altera\u00e7\u00e3o de data e conte\u00fado.<\/p>\n","protected":false},"excerpt":{"rendered":"<p>Novela \u201cBicho do Mato\u201d resumo 30\/08: no capitulo 003 (*) da novela \u201cBicho do Mato\u201d, quarta-feira, 30 de agosto, Cec\u00edlia continua perdida, quando surge uma cobra pronta para dar o bote. Ela tenta fugir, mas Juba chega, pega a cobra e a joga na mata. Juba diz que \u00e9 primo de Em\u00edlio. Juba se esfor\u00e7a [&hellip;]<\/p>\n","protected":false},"author":2,"featured_media":119859,"comment_status":"open","ping_status":"closed","sticky":false,"template":"","format":"standard","meta":{"tdm_status":"","tdm_grid_status":"","footnotes":""},"categories":[379,371,343],"tags":[441],"class_list":{"0":"post-119991","1":"post","2":"type-post","3":"status-publish","4":"format-standard","5":"has-post-thumbnail","7":"category-novelas","8":"category-rede-record","9":"category-televisao","10":"tag-resumo-do-dia"},"_links":{"self":[{"href":"https:\/\/migracao.redenoticia.com.br\/noticia\/wp-json\/wp\/v2\/posts\/119991","targetHints":{"allow":["GET"]}}],"collection":[{"href":"https:\/\/migracao.redenoticia.com.br\/noticia\/wp-json\/wp\/v2\/posts"}],"about":[{"href":"https:\/\/migracao.redenoticia.com.br\/noticia\/wp-json\/wp\/v2\/types\/post"}],"author":[{"embeddable":true,"href":"https:\/\/migracao.redenoticia.com.br\/noticia\/wp-json\/wp\/v2\/users\/2"}],"replies":[{"embeddable":true,"href":"https:\/\/migracao.redenoticia.com.br\/noticia\/wp-json\/wp\/v2\/comments?post=119991"}],"version-history":[{"count":0,"href":"https:\/\/migracao.redenoticia.com.br\/noticia\/wp-json\/wp\/v2\/posts\/119991\/revisions"}],"wp:featuredmedia":[{"embeddable":true,"href":"https:\/\/migracao.redenoticia.com.br\/noticia\/wp-json\/wp\/v2\/media\/119859"}],"wp:attachment":[{"href":"https:\/\/migracao.redenoticia.com.br\/noticia\/wp-json\/wp\/v2\/media?parent=119991"}],"wp:term":[{"taxonomy":"category","embeddable":true,"href":"https:\/\/migracao.redenoticia.com.br\/noticia\/wp-json\/wp\/v2\/categories?post=119991"},{"taxonomy":"post_tag","embeddable":true,"href":"https:\/\/migracao.redenoticia.com.br\/noticia\/wp-json\/wp\/v2\/tags?post=119991"}],"curies":[{"name":"wp","href":"https:\/\/api.w.org\/{rel}","templated":true}]}}