{"id":119997,"date":"2017-08-29T16:44:27","date_gmt":"2017-08-29T19:44:27","guid":{"rendered":"https:\/\/www.redenoticia.com.br\/noticia\/?p=119997"},"modified":"2017-08-30T20:47:22","modified_gmt":"2017-08-30T23:47:22","slug":"novela-belaventura-resumo-3008-jacques-e-levado-para-a-sala-de-tortura","status":"publish","type":"post","link":"https:\/\/migracao.redenoticia.com.br\/noticia\/2017\/novela-belaventura-resumo-3008-jacques-e-levado-para-a-sala-de-tortura\/119997","title":{"rendered":"Novela \u201cBelaventura\u201d resumo 30\/08: Carmona parte para cima de Pietra"},"content":{"rendered":"<p> <strong><em><img loading=\"lazy\" decoding=\"async\" class=\"alignleft size-thumbnail wp-image-117590\" src=\"https:\/\/migracao.redenoticia.com.br\/noticia\/imagens\/belaventura_record_novela_resumo-150x112.jpg\" alt=\"\" width=\"150\" height=\"112\" srcset=\"https:\/\/migracao.redenoticia.com.br\/noticia\/imagens\/belaventura_record_novela_resumo-150x112.jpg 150w, https:\/\/migracao.redenoticia.com.br\/noticia\/imagens\/belaventura_record_novela_resumo-265x198.jpg 265w\" sizes=\"auto, (max-width: 150px) 100vw, 150px\" \/>Novela \u201cBelaventura\u201d resumo 30\/08<\/em><\/strong>: no capitulo 027 (*) da novela \u201cBelaventura\u201d, quarta-feira, 30 de agosto, Brione escreve uma carta para Gonzalo. Carmona vai se deitar e quando empurra o len\u00e7ol seu colch\u00e3o est\u00e1 ensopado de sangue, ela se descontrola. Nodier ouve os gritos de Carmona e chega para ver o que est\u00e1 acontecendo e se espanta. Camorna diz que foi Pietra que colocou aquele sangue em sua cama. Pietra est\u00e1 acomodada no quarto de Enrico. Eles se beijam. Bartolion mexe em uns livros e encontra um exemplar antigo com o bras\u00e3o da Ordem Pura e v\u00ea uma lista com o nome de Lucy. Pietra veste uma roupa de Vitoriana dada por Elia. Carmona invade o quarto para tirar satisfa\u00e7\u00e3o com Pietra e a v\u00ea com a roupa de sua m\u00e3e. Carmona parte para cima de Pietra e rasga o vestido. Enrico est\u00e1 diante de Otoniel, ambos trajando vestes festivais. Enrico pergunta a Otoniel se ele vai mesmo seguir com o plano de executar Jacques. <\/p>\n<p>Lizabeta conversa com Jacques em um local afastado e revela que seu pai n\u00e3o vai execut\u00e1-lo. Sem serr visto, Severo est\u00e1 escondido, apontando uma flecha na dire\u00e7\u00e3o de Lizabeta. Jacques pede que Lizabeta v\u00e1 embora&#8230;Jacques encara Severo que os observa com o arco na m\u00e3o. Lizabeta tem um ferimento no bra\u00e7o e geme com muita dor. Severo se rende. Os guardas correm para o castelo para pedir ajuda. Otoniel fala para Enrico que a for\u00e7a de um rei est\u00e1 na capacidade de perdoar e, caso encontrem Severo, seu filho ter\u00e1 de perdo\u00e1-lo. Enrico fica surpreso. Pietra est\u00e1 chocada diante de Carmona que fica irritada ao v\u00ea-la usando as roupas de sua m\u00e3e. Pietra diz que n\u00e3o foi inten\u00e7\u00e3o afront\u00e1-la. Elia diz que a culpa foi dela em trazer os vestidos da rainha.<\/p>\n<p>Carmona ainda diz \u00e0 Pietra que ela n\u00e3o se assustou com o sangue colocado em sua cama. Pietra n\u00e3o entende nada. Nodier conta a Cedric que tinha sangue na cama de Carmona e diz que quem fez isto foi a mesma pessoa que fincou a flecha no trono e mandou o recado de Severo. Fern\u00e3o conta a Arturo sobre a passagem secreta que tem no castelo. Arturo pergunta onde fica mas Fern\u00e3o diz que realmente n\u00e3o sabe, e que seu pai revelar\u00e1 no momento certo. Bartolion revela a Enrico que descobriu novas informa\u00e7\u00f5es sobre Lucy. Ele diz que, segundo documentos que encontrou em um ba\u00fa, ela foi a \u00fanica que tinha algum tipo de prote\u00e7\u00e3o e que n\u00e3o podia ser tratada como qualquer uma. Pietra diz para Elia ajud\u00e1-la a sair do castelo porque n\u00e3o quer mais ficar perto das pessoas que lhe querem mal. Elia diz que Carmona n\u00e3o oferece risco. Carmona vai at\u00e9 a masmorra conversar com Biniek. Ela obriga Biniek a contar tudo sobre a vida de Pietra. Ele diz que em troca quer ser poupado.<\/p>\n<p>(*) edi\u00e7\u00e3o da Rede Record, Novela \u201cBelaventura\u201d, sujeito a altera\u00e7\u00e3o de data e conte\u00fado.<\/p>\n<p>\u201cBelaventura\u201d \u00e9 uma telenovela brasileira produzida pela RecordTV em parceria com a produtora Casablanca e exibida pela emissora a partir de 25 de julho de 2017 com previs\u00e3o de 150 cap\u00edtulos, substituindo a reprise de A Escrava Isaura. A trama \u00e9 a terceira exibida no hor\u00e1rio como novela das sete desde a reabertura da faixa para telenovelas, ocupada com telejornais at\u00e9 a estreia de Escrava M\u00e3e, em 2016. Foi a 28\u00aa novela exibida pela emissora desde a retomada da dramaturgia em 2004. Escrita por Gustavo Reiz com colabora\u00e7\u00e3o de Aline Garbati, Jussara Fazolo, Mariana Vielmond e Marco Borges, tendo dire\u00e7\u00e3o geral de Ivan Zettel e dire\u00e7\u00e3o art\u00edstica de Roberto Bomtempo. \u201cBelaventura\u201d foi a terceira telenovela brasileira gravada em resolu\u00e7\u00e3o 4K (UHDTV), formato superior ao HD usada nas produ\u00e7\u00f5es at\u00e9 ent\u00e3o, utilizando-se da mesma tecnologia dos filmes estadunidenses, sendo as duas anteriores tamb\u00e9m da RecordTV.<\/p>\n","protected":false},"excerpt":{"rendered":"<p>Novela \u201cBelaventura\u201d resumo 30\/08: no capitulo 027 (*) da novela \u201cBelaventura\u201d, quarta-feira, 30 de agosto, Brione escreve uma carta para Gonzalo. Carmona vai se deitar e quando empurra o len\u00e7ol seu colch\u00e3o est\u00e1 ensopado de sangue, ela se descontrola. Nodier ouve os gritos de Carmona e chega para ver o que est\u00e1 acontecendo e se [&hellip;]<\/p>\n","protected":false},"author":2,"featured_media":117590,"comment_status":"open","ping_status":"closed","sticky":false,"template":"","format":"standard","meta":{"tdm_status":"","tdm_grid_status":"","footnotes":""},"categories":[379,371,343],"tags":[441],"class_list":{"0":"post-119997","1":"post","2":"type-post","3":"status-publish","4":"format-standard","5":"has-post-thumbnail","7":"category-novelas","8":"category-rede-record","9":"category-televisao","10":"tag-resumo-do-dia"},"_links":{"self":[{"href":"https:\/\/migracao.redenoticia.com.br\/noticia\/wp-json\/wp\/v2\/posts\/119997","targetHints":{"allow":["GET"]}}],"collection":[{"href":"https:\/\/migracao.redenoticia.com.br\/noticia\/wp-json\/wp\/v2\/posts"}],"about":[{"href":"https:\/\/migracao.redenoticia.com.br\/noticia\/wp-json\/wp\/v2\/types\/post"}],"author":[{"embeddable":true,"href":"https:\/\/migracao.redenoticia.com.br\/noticia\/wp-json\/wp\/v2\/users\/2"}],"replies":[{"embeddable":true,"href":"https:\/\/migracao.redenoticia.com.br\/noticia\/wp-json\/wp\/v2\/comments?post=119997"}],"version-history":[{"count":0,"href":"https:\/\/migracao.redenoticia.com.br\/noticia\/wp-json\/wp\/v2\/posts\/119997\/revisions"}],"wp:featuredmedia":[{"embeddable":true,"href":"https:\/\/migracao.redenoticia.com.br\/noticia\/wp-json\/wp\/v2\/media\/117590"}],"wp:attachment":[{"href":"https:\/\/migracao.redenoticia.com.br\/noticia\/wp-json\/wp\/v2\/media?parent=119997"}],"wp:term":[{"taxonomy":"category","embeddable":true,"href":"https:\/\/migracao.redenoticia.com.br\/noticia\/wp-json\/wp\/v2\/categories?post=119997"},{"taxonomy":"post_tag","embeddable":true,"href":"https:\/\/migracao.redenoticia.com.br\/noticia\/wp-json\/wp\/v2\/tags?post=119997"}],"curies":[{"name":"wp","href":"https:\/\/api.w.org\/{rel}","templated":true}]}}