{"id":1200,"date":"2009-05-05T17:25:22","date_gmt":"2009-05-05T21:25:22","guid":{"rendered":"http:\/\/www.redenoticia.com.br\/noticia\/?p=1200"},"modified":"2009-05-05T17:29:42","modified_gmt":"2009-05-05T21:29:42","slug":"irregularidade-no-contracheque-dos-servidores-municipais","status":"publish","type":"post","link":"https:\/\/migracao.redenoticia.com.br\/noticia\/2009\/irregularidade-no-contracheque-dos-servidores-municipais\/1200","title":{"rendered":"Irregularidade no contracheque dos Servidores Municipais"},"content":{"rendered":"<p>Durante a sess\u00e3o de hoje (5) na c\u00e2mara municipal de Ji-Paran\u00e1, vereadores se pronunciaram preocupados com os contracheques dos servidores municipais.<\/p>\n<p class=\"MsoNormal\">Segundo as vereadoras M\u00e1rcia Regina e Solange Pereira, desde 2008 os servidores n\u00e3o recebiam o demonstrativo do pagamento, o que foi solucionado este m\u00eas. Por\u00e9m, diversos casos foram citados sobre irregularidades das informa\u00e7\u00f5es impressas e dos recolhimentos efetuados.<\/p>\n<p class=\"MsoNormal\">Ficou decidido em plen\u00e1rio que os mesmos estar\u00e3o vigilantes e cobrar\u00e3o uma posi\u00e7\u00e3o do secret\u00e1rio da fazenda municipal para que todos as ajustes sejam efetuados.<\/p>\n","protected":false},"excerpt":{"rendered":"<p>Durante a sess\u00e3o de hoje (5) na c\u00e2mara municipal de Ji-Paran\u00e1, vereadores se pronunciaram preocupados com os contracheques dos servidores municipais. Segundo as vereadoras M\u00e1rcia Regina e Solange Pereira, desde 2008 os servidores n\u00e3o recebiam o demonstrativo do pagamento, o que foi solucionado este m\u00eas. Por\u00e9m, diversos casos foram citados sobre irregularidades das informa\u00e7\u00f5es impressas [&hellip;]<\/p>\n","protected":false},"author":3,"featured_media":0,"comment_status":"open","ping_status":"open","sticky":false,"template":"","format":"standard","meta":{"tdm_status":"","tdm_grid_status":"","footnotes":""},"categories":[22],"tags":[],"class_list":{"0":"post-1200","1":"post","2":"type-post","3":"status-publish","4":"format-standard","6":"category-brasil"},"_links":{"self":[{"href":"https:\/\/migracao.redenoticia.com.br\/noticia\/wp-json\/wp\/v2\/posts\/1200","targetHints":{"allow":["GET"]}}],"collection":[{"href":"https:\/\/migracao.redenoticia.com.br\/noticia\/wp-json\/wp\/v2\/posts"}],"about":[{"href":"https:\/\/migracao.redenoticia.com.br\/noticia\/wp-json\/wp\/v2\/types\/post"}],"author":[{"embeddable":true,"href":"https:\/\/migracao.redenoticia.com.br\/noticia\/wp-json\/wp\/v2\/users\/3"}],"replies":[{"embeddable":true,"href":"https:\/\/migracao.redenoticia.com.br\/noticia\/wp-json\/wp\/v2\/comments?post=1200"}],"version-history":[{"count":0,"href":"https:\/\/migracao.redenoticia.com.br\/noticia\/wp-json\/wp\/v2\/posts\/1200\/revisions"}],"wp:attachment":[{"href":"https:\/\/migracao.redenoticia.com.br\/noticia\/wp-json\/wp\/v2\/media?parent=1200"}],"wp:term":[{"taxonomy":"category","embeddable":true,"href":"https:\/\/migracao.redenoticia.com.br\/noticia\/wp-json\/wp\/v2\/categories?post=1200"},{"taxonomy":"post_tag","embeddable":true,"href":"https:\/\/migracao.redenoticia.com.br\/noticia\/wp-json\/wp\/v2\/tags?post=1200"}],"curies":[{"name":"wp","href":"https:\/\/api.w.org\/{rel}","templated":true}]}}