{"id":120016,"date":"2017-08-30T00:04:51","date_gmt":"2017-08-30T03:04:51","guid":{"rendered":"https:\/\/www.redenoticia.com.br\/noticia\/?p=120016"},"modified":"2017-08-29T15:33:35","modified_gmt":"2017-08-29T18:33:35","slug":"ufscar-esta-com-inscricoes-abertas-para-pos-graduacao-em-terapia-ocupacional","status":"publish","type":"post","link":"https:\/\/migracao.redenoticia.com.br\/noticia\/2017\/ufscar-esta-com-inscricoes-abertas-para-pos-graduacao-em-terapia-ocupacional\/120016","title":{"rendered":"UFSCar est\u00e1 com inscri\u00e7\u00f5es abertas para p\u00f3s-gradua\u00e7\u00e3o em Terapia Ocupacional"},"content":{"rendered":"<p> Ag\u00eancia FAPESP\u00a0\u2013 Est\u00e3o abertas as inscri\u00e7\u00f5es para o processo seletivo 2018 do Programa de <strong><em>P\u00f3s-Gradua\u00e7\u00e3o em Terapia Ocupacional<\/em><\/strong> (PPGTO) da Universidade Federal de S\u00e3o Carlos (UFSCar). Os interessados devem se inscrever at\u00e9 11 de setembro de 2017. S\u00e3o 21 vagas, 15 para o curso de Mestrado e 16 para o de Doutorado. Os cursos s\u00e3o voltados para duas linhas de pesquisa: \u201cPromo\u00e7\u00e3o do Desenvolvimento Humano nos Contextos da Vida Di\u00e1ria\u201d e \u201cRedes Sociais e Vulnerabilidade\u201d.<\/p>\n<p>O processo seletivo para as vagas de Doutorado ter\u00e1 duas fases: 1) Avalia\u00e7\u00e3o do Projeto de Pesquisa; 2) Defesa Oral P\u00fablica do Projeto de Pesquisa. As duas fases s\u00e3o eliminat\u00f3rias. J\u00e1 o processo seletivo para o curso de Mestrado se constituir\u00e1 de tr\u00eas fases: 1) Duas provas: Prova de Habilidades em Comunica\u00e7\u00e3o Escrita e Prova de L\u00edngua Inglesa Instrumental; 2) Avalia\u00e7\u00e3o do Projeto de Pesquisa; 3) Defesa Oral P\u00fablica do Projeto de Pesquisa.<\/p>\n<p>As inscri\u00e7\u00f5es poder\u00e3o ser efetuadas apenas por via postal (Sedex ou servi\u00e7o similar de entrega r\u00e1pida): Universidade Federal de S\u00e3o Carlos; Programa de P\u00f3s-Gradua\u00e7\u00e3o em Terapia Ocupacional \u2013 Processo Seletivo Mestrado 2018; Departamento de Terapia Ocupacional; Rod. Washington Luiz, Km 235 S\u00e3o Carlos &#8211; SP. CEP 13.565-905. Cx Postal 676.<\/p>\n<p>Mais informa\u00e7\u00f5es sobre as vagas, o processo seletivo e as inscri\u00e7\u00f5es no\u00a0\u00a0e no\u00a0.<\/p>\n","protected":false},"excerpt":{"rendered":"<p>Ag\u00eancia FAPESP\u00a0\u2013 Est\u00e3o abertas as inscri\u00e7\u00f5es para o processo seletivo 2018 do Programa de P\u00f3s-Gradua\u00e7\u00e3o em Terapia Ocupacional (PPGTO) da Universidade Federal de S\u00e3o Carlos (UFSCar). Os interessados devem se inscrever at\u00e9 11 de setembro de 2017. S\u00e3o 21 vagas, 15 para o curso de Mestrado e 16 para o de Doutorado. Os cursos s\u00e3o [&hellip;]<\/p>\n","protected":false},"author":2,"featured_media":37376,"comment_status":"open","ping_status":"closed","sticky":false,"template":"","format":"standard","meta":{"tdm_status":"","tdm_grid_status":"","footnotes":""},"categories":[22,351,370],"tags":[],"class_list":{"0":"post-120016","1":"post","2":"type-post","3":"status-publish","4":"format-standard","5":"has-post-thumbnail","7":"category-brasil","8":"category-cursos","9":"category-inscricao"},"_links":{"self":[{"href":"https:\/\/migracao.redenoticia.com.br\/noticia\/wp-json\/wp\/v2\/posts\/120016","targetHints":{"allow":["GET"]}}],"collection":[{"href":"https:\/\/migracao.redenoticia.com.br\/noticia\/wp-json\/wp\/v2\/posts"}],"about":[{"href":"https:\/\/migracao.redenoticia.com.br\/noticia\/wp-json\/wp\/v2\/types\/post"}],"author":[{"embeddable":true,"href":"https:\/\/migracao.redenoticia.com.br\/noticia\/wp-json\/wp\/v2\/users\/2"}],"replies":[{"embeddable":true,"href":"https:\/\/migracao.redenoticia.com.br\/noticia\/wp-json\/wp\/v2\/comments?post=120016"}],"version-history":[{"count":0,"href":"https:\/\/migracao.redenoticia.com.br\/noticia\/wp-json\/wp\/v2\/posts\/120016\/revisions"}],"wp:featuredmedia":[{"embeddable":true,"href":"https:\/\/migracao.redenoticia.com.br\/noticia\/wp-json\/wp\/v2\/media\/37376"}],"wp:attachment":[{"href":"https:\/\/migracao.redenoticia.com.br\/noticia\/wp-json\/wp\/v2\/media?parent=120016"}],"wp:term":[{"taxonomy":"category","embeddable":true,"href":"https:\/\/migracao.redenoticia.com.br\/noticia\/wp-json\/wp\/v2\/categories?post=120016"},{"taxonomy":"post_tag","embeddable":true,"href":"https:\/\/migracao.redenoticia.com.br\/noticia\/wp-json\/wp\/v2\/tags?post=120016"}],"curies":[{"name":"wp","href":"https:\/\/api.w.org\/{rel}","templated":true}]}}