{"id":120022,"date":"2017-08-30T00:06:39","date_gmt":"2017-08-30T03:06:39","guid":{"rendered":"https:\/\/www.redenoticia.com.br\/noticia\/?p=120022"},"modified":"2017-08-29T15:35:50","modified_gmt":"2017-08-29T18:35:50","slug":"univesp-inaugura-polo-com-quatro-cursos-de-graduacao-em-agudos","status":"publish","type":"post","link":"https:\/\/migracao.redenoticia.com.br\/noticia\/2017\/univesp-inaugura-polo-com-quatro-cursos-de-graduacao-em-agudos\/120022","title":{"rendered":"Univesp inaugura polo com quatro cursos de gradua\u00e7\u00e3o em Agudos"},"content":{"rendered":"<p> A Universidade Virtual do Estado de S\u00e3o Paulo \u2013 <strong><em>Univesp<\/em><\/strong> inaugurou um novo polo em Agudos, cidade que fica a 330 quil\u00f4metros da capital, pr\u00f3xima a Bauru. O novo polo, localizado no antigo Sesi da cidade, vai oferecer os cursos \u00e0 dist\u00e2ncia de Engenharia de Produ\u00e7\u00e3o, Engenharia da Computa\u00e7\u00e3o, Licenciatura em Matem\u00e1tica e Pedagogia.<\/p>\n<p>O local ser\u00e1 usado para sediar as aulas presenciais, realizadas quinzenalmente. Para receber as disciplinas, uma sala equipada com 50 computadores foi instalada para atender 200 alunos.<\/p>\n<p>A Prefeitura de Agudos firmou parceria com a Univesp para abrir as 200 vagas, distribu\u00eddas nos quatro cursos superiores \u00e0 dist\u00e2ncia e gratuitos.<\/p>\n<p>O padr\u00e3o de excel\u00eancia dos cursos \u00e9 avalizado pela a\u00e7\u00e3o conjunta de conceituadas institui\u00e7\u00f5es p\u00fablicas de ensino superior do Estado de S\u00e3o Paulo.<\/p>\n<p>USP, UNESP, UNICAMP e Centro Paula Souza est\u00e3o entre as institui\u00e7\u00f5es que ir\u00e3o oferecer aos alunos cursos com alt\u00edssimo n\u00edvel de qualifica\u00e7\u00e3o profissional.<\/p>\n<p>O ingresso dos alunos \u00e9 feito por meio de vestibular realizado pela pr\u00f3pria Univesp, sendo que os primeiros aprovados para estudar no Polo de Agudos j\u00e1 fizeram o vestibular no \u00faltimo m\u00eas de julho.<\/p>\n<p>Do Portal do Governo SP<\/p>\n","protected":false},"excerpt":{"rendered":"<p>A Universidade Virtual do Estado de S\u00e3o Paulo \u2013 Univesp inaugurou um novo polo em Agudos, cidade que fica a 330 quil\u00f4metros da capital, pr\u00f3xima a Bauru. O novo polo, localizado no antigo Sesi da cidade, vai oferecer os cursos \u00e0 dist\u00e2ncia de Engenharia de Produ\u00e7\u00e3o, Engenharia da Computa\u00e7\u00e3o, Licenciatura em Matem\u00e1tica e Pedagogia. O [&hellip;]<\/p>\n","protected":false},"author":2,"featured_media":57578,"comment_status":"open","ping_status":"closed","sticky":false,"template":"","format":"standard","meta":{"tdm_status":"","tdm_grid_status":"","footnotes":""},"categories":[22,370,295],"tags":[],"class_list":{"0":"post-120022","1":"post","2":"type-post","3":"status-publish","4":"format-standard","5":"has-post-thumbnail","7":"category-brasil","8":"category-inscricao","9":"category-vestibular"},"_links":{"self":[{"href":"https:\/\/migracao.redenoticia.com.br\/noticia\/wp-json\/wp\/v2\/posts\/120022","targetHints":{"allow":["GET"]}}],"collection":[{"href":"https:\/\/migracao.redenoticia.com.br\/noticia\/wp-json\/wp\/v2\/posts"}],"about":[{"href":"https:\/\/migracao.redenoticia.com.br\/noticia\/wp-json\/wp\/v2\/types\/post"}],"author":[{"embeddable":true,"href":"https:\/\/migracao.redenoticia.com.br\/noticia\/wp-json\/wp\/v2\/users\/2"}],"replies":[{"embeddable":true,"href":"https:\/\/migracao.redenoticia.com.br\/noticia\/wp-json\/wp\/v2\/comments?post=120022"}],"version-history":[{"count":0,"href":"https:\/\/migracao.redenoticia.com.br\/noticia\/wp-json\/wp\/v2\/posts\/120022\/revisions"}],"wp:featuredmedia":[{"embeddable":true,"href":"https:\/\/migracao.redenoticia.com.br\/noticia\/wp-json\/wp\/v2\/media\/57578"}],"wp:attachment":[{"href":"https:\/\/migracao.redenoticia.com.br\/noticia\/wp-json\/wp\/v2\/media?parent=120022"}],"wp:term":[{"taxonomy":"category","embeddable":true,"href":"https:\/\/migracao.redenoticia.com.br\/noticia\/wp-json\/wp\/v2\/categories?post=120022"},{"taxonomy":"post_tag","embeddable":true,"href":"https:\/\/migracao.redenoticia.com.br\/noticia\/wp-json\/wp\/v2\/tags?post=120022"}],"curies":[{"name":"wp","href":"https:\/\/api.w.org\/{rel}","templated":true}]}}