{"id":120024,"date":"2017-08-30T00:07:53","date_gmt":"2017-08-30T03:07:53","guid":{"rendered":"https:\/\/www.redenoticia.com.br\/noticia\/?p=120024"},"modified":"2017-08-29T15:37:11","modified_gmt":"2017-08-29T18:37:11","slug":"usp-sao-carlos-oferece-curso-para-idosos-que-desejam-usar-computador","status":"publish","type":"post","link":"https:\/\/migracao.redenoticia.com.br\/noticia\/2017\/usp-sao-carlos-oferece-curso-para-idosos-que-desejam-usar-computador\/120024","title":{"rendered":"USP S\u00e3o Carlos oferece curso para idosos que desejam usar computador"},"content":{"rendered":"<p> O Instituto de Ci\u00eancias Matem\u00e1ticas e de Computa\u00e7\u00e3o (ICMC) da USP, em S\u00e3o Carlos, oferece gratuitamente um <strong><em>curso para idosos<\/em><\/strong> que desejam aprender a usar o computador. O curso vai mostrar as partes que comp\u00f5em um computador e ensinar tamb\u00e9m a navegar pela internet. As aulas do curso come\u00e7am no dia 12 de setembro e v\u00e3o at\u00e9 31 de outubro, sempre \u00e0s ter\u00e7as-feiras, das 16 \u00e0s 18h.<\/p>\n<p>A atividade vai fornecer \u00e0s pessoas da terceira idade conhecimentos b\u00e1sicos de inform\u00e1tica. O objetivo \u00e9 fazer com que elas tenham independ\u00eancia no acesso \u00e0 informa\u00e7\u00e3o, entretenimento, cultura e lazer por meio do uso de computadores e da internet.<\/p>\n<p>Os alunos v\u00e3o aprender a editar documentos, abrir e salvar arquivos, utilizar DVDs, CDs, pendrives, criar e-mails, navegar na internet, fazer compras online e evitar v\u00edrus e programas maliciosos.<\/p>\n<p>Quem tem mais de 60 anos de idade e interesse em aprender a utilizar o computador precisa se candidatar a uma das 20 vagas dispon\u00edveis. \u00c9 preciso comparecer ao Servi\u00e7o de Apoio Acad\u00eamico, que fica na sala 3-001 do ICMC, na \u00e1rea I do campus da USP.<\/p>\n<p>As inscri\u00e7\u00f5es ficam abertas at\u00e9 o dia 1\u00ba de setembro ou enquanto houver vagas. Como h\u00e1 uma grande demanda pelo curso, antes de ir fazer a inscri\u00e7\u00e3o pessoalmente, recomenda-se que os interessados se informem sobre a exist\u00eancia de vagas pelo telefone (16) 3373-9146.<\/p>\n<p>O curso \u00e9 uma iniciativa conjunta do Programa de Educa\u00e7\u00e3o Tutorial (PET-Computa\u00e7\u00e3o) do ICMC e do Centro de Compet\u00eancia de Software Livre (CCSL). As atividades ser\u00e3o coordenadas pelos professores Marcelo Manzato e Ellen Barbosa.<\/p>\n<p>Essa \u00e9 a sexta edi\u00e7\u00e3o do projeto, que foi especialmente desenvolvido para propiciar aos idosos um atendimento personalizado. Alunos do ICMC v\u00e3o ajudar a ministrar as aulas, atuando como monitores.<\/p>\n<p>Do Portal do Governo SP<\/p>\n","protected":false},"excerpt":{"rendered":"<p>O Instituto de Ci\u00eancias Matem\u00e1ticas e de Computa\u00e7\u00e3o (ICMC) da USP, em S\u00e3o Carlos, oferece gratuitamente um curso para idosos que desejam aprender a usar o computador. O curso vai mostrar as partes que comp\u00f5em um computador e ensinar tamb\u00e9m a navegar pela internet. As aulas do curso come\u00e7am no dia 12 de setembro e [&hellip;]<\/p>\n","protected":false},"author":2,"featured_media":37419,"comment_status":"open","ping_status":"closed","sticky":false,"template":"","format":"standard","meta":{"tdm_status":"","tdm_grid_status":"","footnotes":""},"categories":[22,351,370],"tags":[],"class_list":{"0":"post-120024","1":"post","2":"type-post","3":"status-publish","4":"format-standard","5":"has-post-thumbnail","7":"category-brasil","8":"category-cursos","9":"category-inscricao"},"_links":{"self":[{"href":"https:\/\/migracao.redenoticia.com.br\/noticia\/wp-json\/wp\/v2\/posts\/120024","targetHints":{"allow":["GET"]}}],"collection":[{"href":"https:\/\/migracao.redenoticia.com.br\/noticia\/wp-json\/wp\/v2\/posts"}],"about":[{"href":"https:\/\/migracao.redenoticia.com.br\/noticia\/wp-json\/wp\/v2\/types\/post"}],"author":[{"embeddable":true,"href":"https:\/\/migracao.redenoticia.com.br\/noticia\/wp-json\/wp\/v2\/users\/2"}],"replies":[{"embeddable":true,"href":"https:\/\/migracao.redenoticia.com.br\/noticia\/wp-json\/wp\/v2\/comments?post=120024"}],"version-history":[{"count":0,"href":"https:\/\/migracao.redenoticia.com.br\/noticia\/wp-json\/wp\/v2\/posts\/120024\/revisions"}],"wp:featuredmedia":[{"embeddable":true,"href":"https:\/\/migracao.redenoticia.com.br\/noticia\/wp-json\/wp\/v2\/media\/37419"}],"wp:attachment":[{"href":"https:\/\/migracao.redenoticia.com.br\/noticia\/wp-json\/wp\/v2\/media?parent=120024"}],"wp:term":[{"taxonomy":"category","embeddable":true,"href":"https:\/\/migracao.redenoticia.com.br\/noticia\/wp-json\/wp\/v2\/categories?post=120024"},{"taxonomy":"post_tag","embeddable":true,"href":"https:\/\/migracao.redenoticia.com.br\/noticia\/wp-json\/wp\/v2\/tags?post=120024"}],"curies":[{"name":"wp","href":"https:\/\/api.w.org\/{rel}","templated":true}]}}