{"id":120041,"date":"2017-08-30T16:40:58","date_gmt":"2017-08-30T19:40:58","guid":{"rendered":"https:\/\/www.redenoticia.com.br\/noticia\/?p=120041"},"modified":"2017-08-29T15:49:07","modified_gmt":"2017-08-29T18:49:07","slug":"novela-ribeirao-do-tempo-resumo-3108-virgilio-presta-depoimento-na-delegacia","status":"publish","type":"post","link":"https:\/\/migracao.redenoticia.com.br\/noticia\/2017\/novela-ribeirao-do-tempo-resumo-3108-virgilio-presta-depoimento-na-delegacia\/120041","title":{"rendered":"Novela \u201cRibeir\u00e3o do Tempo\u201d resumo 31\/08: Virg\u00edlio presta depoimento na delegacia"},"content":{"rendered":"<p> <img loading=\"lazy\" decoding=\"async\" src=\"https:\/\/migracao.redenoticia.com.br\/noticia\/imagens\/ribeirao_do_tempo_novela_record_resumo-150x112.jpg\" alt=\"\" width=\"150\" height=\"112\" class=\"alignleft size-thumbnail wp-image-108265\" srcset=\"https:\/\/migracao.redenoticia.com.br\/noticia\/imagens\/ribeirao_do_tempo_novela_record_resumo-150x112.jpg 150w, https:\/\/migracao.redenoticia.com.br\/noticia\/imagens\/ribeirao_do_tempo_novela_record_resumo-265x198.jpg 265w\" sizes=\"auto, (max-width: 150px) 100vw, 150px\" \/><strong><em>Novela \u201cRibeir\u00e3o do Tempo\u201d resumo 31\/08<\/em><\/strong>: no capitulo 128 (*) da novela \u201cRibeir\u00e3o do Tempo\u201d, quinta-feira, 31 de agosto, Filomena, j\u00e1 transformada, e Arminda passeiam pelo shopping cheias de sacolas. Nicolau diz a Nasinho que at\u00e9 eles terem as coisas sob controle n\u00e3o v\u00ea outra sa\u00edda a n\u00e3o ser negociar com Iara. Tito e Newton, preocupados, imaginam o que pode ter acontecido com Virg\u00edlio. Joca diz a Diana e a Elza que nunca comeu t\u00e3o bem. Andr\u00e9 fala para Lincon que ele e o delegado conseguiram afast\u00e1-lo de S\u00f4nia. O jornalista e o filho acabam discutindo. Patr\u00edcia interfere na briga. Diana conta a Joca que se apaixonou por um cara mais velho. Ela explica que tem certeza que o cara a ama, mas n\u00e3o acredita que o que sente \u00e9 amor. <\/p>\n<p>Joca aconselha Diana a lutar pelo amor do cara, j\u00e1 que tem certeza que ele gosta dela. Virg\u00edlio promete para Nicolau que vai fazer o que ele mandou. Virg\u00edlio chega \u00e0 pousada todo machucado e conta a todos que foi sequestrado, porque os bandidos acharam que ele estava com uma grana alta. Larissa acaba aceitando o pedido de Beatriz e diz que vai ficar na fazenda por causa da irm\u00e3. Virg\u00edlio presta depoimento na delegacia. Marta afirma que eles est\u00e3o diante de mais um mist\u00e9rio. Arminda e Fil\u00f3 chegam em Ribeir\u00e3o. Diana e Elza ficam encantadas ao verem Filomena com o novo visual. Diana e Arminda se abra\u00e7am com saudades. Lincon procura Flores para que ele o ajude a definir as regras para o debate dos prefeitos. Ari Jumento desfila em um carro com alto-falantes fazendo campanha eleitoral. <\/p>\n<p>Quer\u00eancio diz a C\u00e9lia, Bruno e Teixeira que eles precisam providenciar um carro para a campanha dele. Teixeira explica a Quer\u00eancio que por sugest\u00e3o do senador, C\u00e9lia vai coordenar a campanha eleitoral e vai ser a principal assessora dele. Iara vai at\u00e9 o quarto de Virg\u00edlio, que a xinga muito. Ele explica a aventureira que vai ficar no papel de mediador entre ela, Nicolau e Nasinho. Iara diz que agora est\u00e1 come\u00e7ando a gostar da conversa. Beatriz entra no escrit\u00f3rio de Nicolau para dar um recado. Ele a trata mal e pede para ela avisar ao senador Eust\u00e1quio que ele n\u00e3o vai a Bras\u00edlia. Filomena chega \u00e0 pousada e encontra Mateus, que fica surpreso ao v\u00ea-la e a elogia. Newton tamb\u00e9m se surpreende ao ver Fil\u00f3. Tito chega e Newton fala para o amigo que ele vai tomar um susto quando encontrar Filomena.<\/p>\n<p>(*) edi\u00e7\u00e3o da Rede Record, Novela \u201cRibeir\u00e3o do Tempo\u201d, sujeito a altera\u00e7\u00e3o de data e conte\u00fado.<\/p>\n","protected":false},"excerpt":{"rendered":"<p>Novela \u201cRibeir\u00e3o do Tempo\u201d resumo 31\/08: no capitulo 128 (*) da novela \u201cRibeir\u00e3o do Tempo\u201d, quinta-feira, 31 de agosto, Filomena, j\u00e1 transformada, e Arminda passeiam pelo shopping cheias de sacolas. Nicolau diz a Nasinho que at\u00e9 eles terem as coisas sob controle n\u00e3o v\u00ea outra sa\u00edda a n\u00e3o ser negociar com Iara. Tito e Newton, [&hellip;]<\/p>\n","protected":false},"author":2,"featured_media":108265,"comment_status":"open","ping_status":"closed","sticky":false,"template":"","format":"standard","meta":{"tdm_status":"","tdm_grid_status":"","footnotes":""},"categories":[379,371,343],"tags":[441],"class_list":{"0":"post-120041","1":"post","2":"type-post","3":"status-publish","4":"format-standard","5":"has-post-thumbnail","7":"category-novelas","8":"category-rede-record","9":"category-televisao","10":"tag-resumo-do-dia"},"_links":{"self":[{"href":"https:\/\/migracao.redenoticia.com.br\/noticia\/wp-json\/wp\/v2\/posts\/120041","targetHints":{"allow":["GET"]}}],"collection":[{"href":"https:\/\/migracao.redenoticia.com.br\/noticia\/wp-json\/wp\/v2\/posts"}],"about":[{"href":"https:\/\/migracao.redenoticia.com.br\/noticia\/wp-json\/wp\/v2\/types\/post"}],"author":[{"embeddable":true,"href":"https:\/\/migracao.redenoticia.com.br\/noticia\/wp-json\/wp\/v2\/users\/2"}],"replies":[{"embeddable":true,"href":"https:\/\/migracao.redenoticia.com.br\/noticia\/wp-json\/wp\/v2\/comments?post=120041"}],"version-history":[{"count":0,"href":"https:\/\/migracao.redenoticia.com.br\/noticia\/wp-json\/wp\/v2\/posts\/120041\/revisions"}],"wp:featuredmedia":[{"embeddable":true,"href":"https:\/\/migracao.redenoticia.com.br\/noticia\/wp-json\/wp\/v2\/media\/108265"}],"wp:attachment":[{"href":"https:\/\/migracao.redenoticia.com.br\/noticia\/wp-json\/wp\/v2\/media?parent=120041"}],"wp:term":[{"taxonomy":"category","embeddable":true,"href":"https:\/\/migracao.redenoticia.com.br\/noticia\/wp-json\/wp\/v2\/categories?post=120041"},{"taxonomy":"post_tag","embeddable":true,"href":"https:\/\/migracao.redenoticia.com.br\/noticia\/wp-json\/wp\/v2\/tags?post=120041"}],"curies":[{"name":"wp","href":"https:\/\/api.w.org\/{rel}","templated":true}]}}