{"id":120043,"date":"2017-08-30T16:41:23","date_gmt":"2017-08-30T19:41:23","guid":{"rendered":"https:\/\/www.redenoticia.com.br\/noticia\/?p=120043"},"modified":"2017-08-30T19:47:52","modified_gmt":"2017-08-30T22:47:52","slug":"novela-bicho-do-mato-resumo-3108-juba-beija-cecilia-no-rosto","status":"publish","type":"post","link":"https:\/\/migracao.redenoticia.com.br\/noticia\/2017\/novela-bicho-do-mato-resumo-3108-juba-beija-cecilia-no-rosto\/120043","title":{"rendered":"Novela \u201cBicho do Mato\u201d resumo 31\/08: Vanda fuzila T\u00falio com os olhos"},"content":{"rendered":"<p> <img loading=\"lazy\" decoding=\"async\" class=\"alignleft size-thumbnail wp-image-119859\" src=\"https:\/\/migracao.redenoticia.com.br\/noticia\/imagens\/bicho_do_mato_novela_record_resumo-150x112.jpg\" alt=\"\" width=\"150\" height=\"112\" srcset=\"https:\/\/migracao.redenoticia.com.br\/noticia\/imagens\/bicho_do_mato_novela_record_resumo-150x112.jpg 150w, https:\/\/migracao.redenoticia.com.br\/noticia\/imagens\/bicho_do_mato_novela_record_resumo-265x198.jpg 265w\" sizes=\"auto, (max-width: 150px) 100vw, 150px\" \/><strong><em>Novela \u201cBicho do Mato\u201d resumo 31\/08<\/em><\/strong>: no capitulo 004 (*) da novela \u201cBicho do Mato\u201d, quinta-feira, 31 de agosto, Piau\u00ed, escondido, fotografa o encontro de Brand\u00e3o e Ramalho. Cec\u00edlia diz para Em\u00edlio que precisa conversar com ele, e Em\u00edlio finge que passa mal. Tini\u00e1 diz para Juba que ficou com ci\u00fames dele com Cec\u00edlia. Cec\u00edlia explica para Em\u00edlio que n\u00e3o pode voltar pro Rio de Janeiro com ele para fazer exames porque combinou com o professor Mesquita de fazer o levantamento das crian\u00e7as Guapor\u00e1s. <\/p>\n<p>Em\u00edlio vai dar um beijo em Cec\u00edlia, mas ela desvia. L\u00e9o, Alzira, Alfredo e Em\u00edlio se despedem de todos na fazenda. Pr\u00f3ximos ao rio, Brand\u00e3o diz para Piau\u00ed que vai atacar os \u00cdndios e que \u00e9 para ele ir com Fernando e Juba chamar a pol\u00edcia. Fernando fala para Juba levar Cec\u00edlia para conhecer a aldeia dos Guapor\u00e1.Cec\u00edlia avisa para B\u00e1rbara que vai ficar mais um tempo no Pantanal. Ruth liga para Em\u00edlio e vibra com a not\u00edcia que Cec\u00edlia n\u00e3o voltou. Ramalho liga para Brand\u00e3o e avisa que ele pode agir. Ramalho diz para Laura que tentou comprar a fazenda para que Juba ficasse ao lado dela. <\/p>\n<p>Tavinho, Carlos, Rafa e Daniela come\u00e7am a dar as mercadorias de um vendedor ambulante que pediu que eles olhasse a mercadoria um instante. O ambulante volta e amea\u00e7a chamar a pol\u00edcia. Tavinho fica com medo e paga pela mercadoria. Betinha diz que ganhou bolsa na Universidade. Lucimara chega ao churrasco e chama seu T\u00falio para dan\u00e7ar. Vanda fuzila T\u00falio com os olhos. Betinha diz para Nicolau que a id\u00e9ia da bolsa foi o \u00fanico jeito que ela encontrou de ficar perto de Tavinho.<\/p>\n<p>(*) edi\u00e7\u00e3o da Rede Record, Novela \u201cBicho do Mato\u201d, sujeito a altera\u00e7\u00e3o de data e conte\u00fado.<\/p>\n","protected":false},"excerpt":{"rendered":"<p>Novela \u201cBicho do Mato\u201d resumo 31\/08: no capitulo 004 (*) da novela \u201cBicho do Mato\u201d, quinta-feira, 31 de agosto, Piau\u00ed, escondido, fotografa o encontro de Brand\u00e3o e Ramalho. Cec\u00edlia diz para Em\u00edlio que precisa conversar com ele, e Em\u00edlio finge que passa mal. Tini\u00e1 diz para Juba que ficou com ci\u00fames dele com Cec\u00edlia. Cec\u00edlia [&hellip;]<\/p>\n","protected":false},"author":2,"featured_media":119859,"comment_status":"open","ping_status":"closed","sticky":false,"template":"","format":"standard","meta":{"tdm_status":"","tdm_grid_status":"","footnotes":""},"categories":[379,371,343],"tags":[441],"class_list":{"0":"post-120043","1":"post","2":"type-post","3":"status-publish","4":"format-standard","5":"has-post-thumbnail","7":"category-novelas","8":"category-rede-record","9":"category-televisao","10":"tag-resumo-do-dia"},"_links":{"self":[{"href":"https:\/\/migracao.redenoticia.com.br\/noticia\/wp-json\/wp\/v2\/posts\/120043","targetHints":{"allow":["GET"]}}],"collection":[{"href":"https:\/\/migracao.redenoticia.com.br\/noticia\/wp-json\/wp\/v2\/posts"}],"about":[{"href":"https:\/\/migracao.redenoticia.com.br\/noticia\/wp-json\/wp\/v2\/types\/post"}],"author":[{"embeddable":true,"href":"https:\/\/migracao.redenoticia.com.br\/noticia\/wp-json\/wp\/v2\/users\/2"}],"replies":[{"embeddable":true,"href":"https:\/\/migracao.redenoticia.com.br\/noticia\/wp-json\/wp\/v2\/comments?post=120043"}],"version-history":[{"count":0,"href":"https:\/\/migracao.redenoticia.com.br\/noticia\/wp-json\/wp\/v2\/posts\/120043\/revisions"}],"wp:featuredmedia":[{"embeddable":true,"href":"https:\/\/migracao.redenoticia.com.br\/noticia\/wp-json\/wp\/v2\/media\/119859"}],"wp:attachment":[{"href":"https:\/\/migracao.redenoticia.com.br\/noticia\/wp-json\/wp\/v2\/media?parent=120043"}],"wp:term":[{"taxonomy":"category","embeddable":true,"href":"https:\/\/migracao.redenoticia.com.br\/noticia\/wp-json\/wp\/v2\/categories?post=120043"},{"taxonomy":"post_tag","embeddable":true,"href":"https:\/\/migracao.redenoticia.com.br\/noticia\/wp-json\/wp\/v2\/tags?post=120043"}],"curies":[{"name":"wp","href":"https:\/\/api.w.org\/{rel}","templated":true}]}}