{"id":120047,"date":"2017-08-30T16:43:19","date_gmt":"2017-08-30T19:43:19","guid":{"rendered":"https:\/\/www.redenoticia.com.br\/noticia\/?p=120047"},"modified":"2017-08-30T19:23:22","modified_gmt":"2017-08-30T22:23:22","slug":"novela-os-dez-mandamentos-resumo-3108-joquebede-ampara-o-neto","status":"publish","type":"post","link":"https:\/\/migracao.redenoticia.com.br\/noticia\/2017\/novela-os-dez-mandamentos-resumo-3108-joquebede-ampara-o-neto\/120047","title":{"rendered":"Novela \u201cOs Dez Mandamentos\u201d resumo 31\/08: Joquebede ampara o neto"},"content":{"rendered":"<p> <img loading=\"lazy\" decoding=\"async\" class=\"alignleft size-thumbnail wp-image-68037\" src=\"https:\/\/migracao.redenoticia.com.br\/noticia\/imagens\/resumo_novela_os_dez_mandamentos_record-150x112.jpg\" alt=\"\" width=\"150\" height=\"112\" srcset=\"https:\/\/migracao.redenoticia.com.br\/noticia\/imagens\/resumo_novela_os_dez_mandamentos_record-150x112.jpg 150w, https:\/\/migracao.redenoticia.com.br\/noticia\/imagens\/resumo_novela_os_dez_mandamentos_record-265x198.jpg 265w\" sizes=\"auto, (max-width: 150px) 100vw, 150px\" \/><em><strong>Novela \u201cOs Dez Mandamentos\u201d resumo 31\/08<\/strong><\/em>: no capitulo 028 (*) da novela \u201cOs Dez Mandamentos\u201d, quinta-feira, 31 de agosto, Ar\u00e3o n\u00e3o esconde sua revolta, mas fica tocado com as palavras da irm\u00e3. Miri\u00e3 conversa com Ar\u00e3o e relembra os momentos da sua inf\u00e2ncia ao lado do pai. Ar\u00e3o se emociona, mas n\u00e3o d\u00e1 o bra\u00e7o a torcer. Anr\u00e3o diz a Joquebede que tem medo da rea\u00e7\u00e3o de Miri\u00e3 e Mois\u00e9s ao reencontr\u00e1-lo. Mois\u00e9s confessa a Rams\u00e9s que est\u00e1 tentando reconquistar Nefertari e diz que os dois ter\u00e3o de disput\u00e1-la. Joquebede e Anr\u00e3o finalmente se reencontram&#8230;Joquebede diz a Anr\u00e3o que esperou todo esse tempo pela sua volta e os dois se abra\u00e7am, muito emocionados. Ela conta ao marido a hist\u00f3ria de Mois\u00e9s e diz que ele se tornou o pr\u00edncipe do Egito, deixando-o chocado. Uri e Leila passam a noite juntos e se declaram um para o outro, muito apaixonados. Tuya pede perd\u00e3o a Seti por ter lhe escondido a verdade sobre Rams\u00e9s ter ido \u00e0 Casa de Senet. Ele pede para que ela se retire dos seus aposentos e mande uma mo\u00e7a para passar a noite com ele, humilhando-a. <\/p>\n<p>Miri\u00e3 n\u00e3o cont\u00e9m sua ansiedade e diz a Joquebede que quer muito reencontrar Anr\u00e3o. Joquebede diz que Anr\u00e3o logo retornar\u00e1 a viver com eles. Mois\u00e9s encontra Nefertari no jardim e, em um momento de coragem, lhe agarra e beija. Ela o afasta e diz que ela n\u00e3o ser\u00e1 um objeto de disputa entre ele e Rams\u00e9s, deixando-o confuso. Judite perde o medo e diz a Apuki que est\u00e1 farta do modo como ele a trata. Seti continua a provocar Tuya e ordena a Hur que fa\u00e7a uma bela joia para a jovem que passou a noite com ele. Yunet fica apavorada ao ver rea\u00e7\u00e3o provocada em seu rosto pelo creme preparado por Simut. <\/p>\n<p>Anr\u00e3o descobre que precisa da autoriza\u00e7\u00e3o de Apuki para voltar a morar na vila e fica receoso. Apuki retorna \u00e0s obras e desconta sua raiva em Ar\u00e3o e Zelofeade, chicoteando-os. Anr\u00e3o faz men\u00e7\u00e3o em reagir ao ver o filho sendo chicoteado, mas \u00e9 barrado por Num. Eliseba fica chocada ao ver o filho Nadabe voltar ferido do trabalho. Joquebede ampara o neto e pede miseric\u00f3rdia a Deus, muito angustiada. Am\u00e1lia se sente mal e diz a Miri\u00e3 que sente muito medo de perder seu beb\u00ea. <\/p>\n<p>(*) edi\u00e7\u00e3o da Rede Record, Novela \u201cOs Dez Mandamentos\u201d, sujeito a altera\u00e7\u00e3o de data e conte\u00fado.<\/p>\n<p>\u201cOs Dez Mandamentos\u201d \u00e9 uma telenovela brasileira produzida e exibida pela RecordTV, tendo sua primeira temporada exibida entre 23 de mar\u00e7o e 23 de novembro de 2015 em 176 cap\u00edtulos, substituindo Vit\u00f3ria, e sendo substitu\u00edda pela reprise de Rei Davi. A segunda temporada foi produzida pela Casablanca e exibida de 04 de abril a 04 de julho de 2016 em 66 cap\u00edtulos, substituindo a reprise de Sans\u00e3o e Dalila e sendo substitu\u00edda por A Terra Prometida.<\/p>\n","protected":false},"excerpt":{"rendered":"<p>Novela \u201cOs Dez Mandamentos\u201d resumo 31\/08: no capitulo 028 (*) da novela \u201cOs Dez Mandamentos\u201d, quinta-feira, 31 de agosto, Ar\u00e3o n\u00e3o esconde sua revolta, mas fica tocado com as palavras da irm\u00e3. Miri\u00e3 conversa com Ar\u00e3o e relembra os momentos da sua inf\u00e2ncia ao lado do pai. Ar\u00e3o se emociona, mas n\u00e3o d\u00e1 o bra\u00e7o [&hellip;]<\/p>\n","protected":false},"author":2,"featured_media":68037,"comment_status":"open","ping_status":"closed","sticky":false,"template":"","format":"standard","meta":{"tdm_status":"","tdm_grid_status":"","footnotes":""},"categories":[379,424,371,343],"tags":[441],"class_list":{"0":"post-120047","1":"post","2":"type-post","3":"status-publish","4":"format-standard","5":"has-post-thumbnail","7":"category-novelas","8":"category-os-dez-mandamentos","9":"category-rede-record","10":"category-televisao","11":"tag-resumo-do-dia"},"_links":{"self":[{"href":"https:\/\/migracao.redenoticia.com.br\/noticia\/wp-json\/wp\/v2\/posts\/120047","targetHints":{"allow":["GET"]}}],"collection":[{"href":"https:\/\/migracao.redenoticia.com.br\/noticia\/wp-json\/wp\/v2\/posts"}],"about":[{"href":"https:\/\/migracao.redenoticia.com.br\/noticia\/wp-json\/wp\/v2\/types\/post"}],"author":[{"embeddable":true,"href":"https:\/\/migracao.redenoticia.com.br\/noticia\/wp-json\/wp\/v2\/users\/2"}],"replies":[{"embeddable":true,"href":"https:\/\/migracao.redenoticia.com.br\/noticia\/wp-json\/wp\/v2\/comments?post=120047"}],"version-history":[{"count":0,"href":"https:\/\/migracao.redenoticia.com.br\/noticia\/wp-json\/wp\/v2\/posts\/120047\/revisions"}],"wp:featuredmedia":[{"embeddable":true,"href":"https:\/\/migracao.redenoticia.com.br\/noticia\/wp-json\/wp\/v2\/media\/68037"}],"wp:attachment":[{"href":"https:\/\/migracao.redenoticia.com.br\/noticia\/wp-json\/wp\/v2\/media?parent=120047"}],"wp:term":[{"taxonomy":"category","embeddable":true,"href":"https:\/\/migracao.redenoticia.com.br\/noticia\/wp-json\/wp\/v2\/categories?post=120047"},{"taxonomy":"post_tag","embeddable":true,"href":"https:\/\/migracao.redenoticia.com.br\/noticia\/wp-json\/wp\/v2\/tags?post=120047"}],"curies":[{"name":"wp","href":"https:\/\/api.w.org\/{rel}","templated":true}]}}