{"id":120049,"date":"2017-08-30T16:44:50","date_gmt":"2017-08-30T19:44:50","guid":{"rendered":"https:\/\/www.redenoticia.com.br\/noticia\/?p=120049"},"modified":"2017-08-30T20:46:29","modified_gmt":"2017-08-30T23:46:29","slug":"novela-belaventura-resumo-3108-jacques-propoe-nova-disputa-pelo-trono","status":"publish","type":"post","link":"https:\/\/migracao.redenoticia.com.br\/noticia\/2017\/novela-belaventura-resumo-3108-jacques-propoe-nova-disputa-pelo-trono\/120049","title":{"rendered":"Novela \u201cBelaventura\u201d resumo 31\/08: Jacques prop\u00f5e nova disputa pelo trono"},"content":{"rendered":"<p> <strong><em><img loading=\"lazy\" decoding=\"async\" class=\"alignleft size-thumbnail wp-image-117590\" src=\"https:\/\/migracao.redenoticia.com.br\/noticia\/imagens\/belaventura_record_novela_resumo-150x112.jpg\" alt=\"\" width=\"150\" height=\"112\" srcset=\"https:\/\/migracao.redenoticia.com.br\/noticia\/imagens\/belaventura_record_novela_resumo-150x112.jpg 150w, https:\/\/migracao.redenoticia.com.br\/noticia\/imagens\/belaventura_record_novela_resumo-265x198.jpg 265w\" sizes=\"auto, (max-width: 150px) 100vw, 150px\" \/>Novela \u201cBelaventura\u201d resumo 31\/08<\/em><\/strong>: no capitulo 028 (*) da novela \u201cBelaventura\u201d, quinta-feira, 31 de agosto, Enrico vai at\u00e9 o quarto em que Pietra est\u00e1 e ela conta o que aconteceu. Ele se declara para Pietra e diz que ter\u00e1 uma obriga\u00e7\u00e3o nada f\u00e1cil para cumprir. Pietra acredita em Enrico e diz que tudo ficar\u00e1 bem. Carmona conversa com Otoniel sobre Pietra. O rei n\u00e3o considera as suas palavras. Nesta hora Mistral interrompe e diz que tem uma coisa urgente para falar. Jacques entra correndo no castelo com Lizabeta nos bra\u00e7os e Severo \u00e9 levado para a masmorra. Enrico se assusta e pergunta o que Jacques fez com ela. Ele diz que n\u00e3o tem tempo para explica\u00e7\u00e3o e que j\u00e1 mandou chamar um f\u00edsico. Pietra fica assustada com o estado de sa\u00fade de Lizabeta. Nodier invade o lugar e pede para prenderem Jacques. Jacques diz que n\u00e3o sair\u00e1 de l\u00e1 enquanto a princesa estiver melhor. Mistral d\u00e1 a not\u00edcia para Otoniel. Neste momento, Jacques entra na sala trazido por Mistral. Otoniel parte para cima dele. Jacques diz que n\u00e3o foi culpa dele, mas sim de seu pai. Falstaff diz que ir\u00e1 aumentar o aluguel de Joniel. Joniel se irrita e diz que um dia vai conseguir peg\u00e1-lo. Brione fica feliz e ao mesmo tempo assustada com a presen\u00e7a de Gonzalo. Brione diz que Jacques \u00e9 inocente e n\u00e3o merece ser executado. Gonzalo tenta acalm\u00e1-la. Brione revela que seu pai n\u00e3o \u00e9 contra o amor deles. Gonzalo fica intrigado e pergunta se ela o encontrou. Jacques \u00e9 levado por Nordier e outros guardas para a sala de tortura. O f\u00edsico diz a Enrico e Carmona que j\u00e1 fez todos os procedimentos para salvar Lizabeta. <\/p>\n<p>Carmona duvida de sua capacidade. Pietra diz que talvez ela tenha sido envenenada. Ela pega a flecha e sente o cheiro. Pietra se lembra do passado e diz que o cheiro da flecha \u00e9 de um veneno poderoso. Severo encara Otoniel que est\u00e1 com a espada em m\u00e3os. Otoniel com muita raiva diz que vai matar Severo. Severo diz que s\u00f3 ele pode salvar Lizabeta e se morrer ele n\u00e3o poder\u00e1 fazer isto. Otoniel se espanta diante de um olhar triunfante de Severo&#8230;.Otoniel, cheio de \u00f3dio, segura a espada Redentora, encara Severo e ordena que ele se ajoelhe. Cedric pede que Carmona se acalme e pare de chorar. Pietra est\u00e1 tensa diante de Bartolion. Enrico est\u00e1 pr\u00f3ximo e Merlino ao lado de Lizabeta que segue desacordada. Na masmorra, Nodier chicoteia Jacques para que confesse a invas\u00e3o ao castelo e o atentado contra a vida da princesa. Jacques nega. Brione pede que Gonzalo guarde o segredo sobre sua fam\u00edlia que foi cumplice de Severo todo o tempo. Leoc\u00e1dia tenta esconder um ba\u00fa, mas Mario entra, v\u00ea o ba\u00fa e pergunta o que \u00e9 a tal caixa misteriosa. Marion v\u00ea que a caixa tem o bras\u00e3o da Ordem Pura. Lizabeta sofre com muitas dores. <\/p>\n<p>Severo diz a Otoniel que Lizabeta n\u00e3o ter\u00e1 tanto tempo de vida. Otoniel ordena que busquem todo tipo de pessoa que tenha algum conhecimento sobre venenos e ervas. Enrico pede que Nodier busque Jacques e o leve at\u00e9 Severo. Cedric diz a Otoniel que est\u00e1 tudo pronto para a execu\u00e7\u00e3o de Jacques e que ele deveria aproveitar a chance para punir pai e filho na mesma ocasi\u00e3o. Se fizer isto, acabar\u00e1 de uma vez por todas com uma disputa que j\u00e1 dura anos. Mistral diz ao rei que ele n\u00e3o pode fazer isso. Severo v\u00ea Jacques chegar todo machucado. Jacques diz que sua maior vit\u00f3ria ser\u00e1 salvar Lizabeta. Otoniel e Enrico v\u00e3o at\u00e9 a masmorra e encaram Severo e Jacques. Otoniel pergunta quais s\u00e3o as condi\u00e7\u00f5es para salvar Lizabeta. Severo responde que sejam retiradas todas as acusa\u00e7\u00f5es contra sua fam\u00edlia. Jacques prop\u00f5e um nova disputa pelo trono, mas dessa vez os herdeiros quem duelar\u00e3o pela coroa.<\/p>\n<p>(*) edi\u00e7\u00e3o da Rede Record, Novela \u201cBelaventura\u201d, sujeito a altera\u00e7\u00e3o de data e conte\u00fado.<\/p>\n<p>\u201cBelaventura\u201d \u00e9 uma telenovela brasileira produzida pela RecordTV em parceria com a produtora Casablanca e exibida pela emissora a partir de 25 de julho de 2017 com previs\u00e3o de 150 cap\u00edtulos, substituindo a reprise de A Escrava Isaura. A trama \u00e9 a terceira exibida no hor\u00e1rio como novela das sete desde a reabertura da faixa para telenovelas, ocupada com telejornais at\u00e9 a estreia de Escrava M\u00e3e, em 2016. Foi a 28\u00aa novela exibida pela emissora desde a retomada da dramaturgia em 2004. Escrita por Gustavo Reiz com colabora\u00e7\u00e3o de Aline Garbati, Jussara Fazolo, Mariana Vielmond e Marco Borges, tendo dire\u00e7\u00e3o geral de Ivan Zettel e dire\u00e7\u00e3o art\u00edstica de Roberto Bomtempo. \u201cBelaventura\u201d foi a terceira telenovela brasileira gravada em resolu\u00e7\u00e3o 4K (UHDTV), formato superior ao HD usada nas produ\u00e7\u00f5es at\u00e9 ent\u00e3o, utilizando-se da mesma tecnologia dos filmes estadunidenses, sendo as duas anteriores tamb\u00e9m da RecordTV.<\/p>\n","protected":false},"excerpt":{"rendered":"<p>Novela \u201cBelaventura\u201d resumo 31\/08: no capitulo 028 (*) da novela \u201cBelaventura\u201d, quinta-feira, 31 de agosto, Enrico vai at\u00e9 o quarto em que Pietra est\u00e1 e ela conta o que aconteceu. Ele se declara para Pietra e diz que ter\u00e1 uma obriga\u00e7\u00e3o nada f\u00e1cil para cumprir. Pietra acredita em Enrico e diz que tudo ficar\u00e1 bem. [&hellip;]<\/p>\n","protected":false},"author":2,"featured_media":117590,"comment_status":"open","ping_status":"closed","sticky":false,"template":"","format":"standard","meta":{"tdm_status":"","tdm_grid_status":"","footnotes":""},"categories":[379,371,343],"tags":[441],"class_list":{"0":"post-120049","1":"post","2":"type-post","3":"status-publish","4":"format-standard","5":"has-post-thumbnail","7":"category-novelas","8":"category-rede-record","9":"category-televisao","10":"tag-resumo-do-dia"},"_links":{"self":[{"href":"https:\/\/migracao.redenoticia.com.br\/noticia\/wp-json\/wp\/v2\/posts\/120049","targetHints":{"allow":["GET"]}}],"collection":[{"href":"https:\/\/migracao.redenoticia.com.br\/noticia\/wp-json\/wp\/v2\/posts"}],"about":[{"href":"https:\/\/migracao.redenoticia.com.br\/noticia\/wp-json\/wp\/v2\/types\/post"}],"author":[{"embeddable":true,"href":"https:\/\/migracao.redenoticia.com.br\/noticia\/wp-json\/wp\/v2\/users\/2"}],"replies":[{"embeddable":true,"href":"https:\/\/migracao.redenoticia.com.br\/noticia\/wp-json\/wp\/v2\/comments?post=120049"}],"version-history":[{"count":0,"href":"https:\/\/migracao.redenoticia.com.br\/noticia\/wp-json\/wp\/v2\/posts\/120049\/revisions"}],"wp:featuredmedia":[{"embeddable":true,"href":"https:\/\/migracao.redenoticia.com.br\/noticia\/wp-json\/wp\/v2\/media\/117590"}],"wp:attachment":[{"href":"https:\/\/migracao.redenoticia.com.br\/noticia\/wp-json\/wp\/v2\/media?parent=120049"}],"wp:term":[{"taxonomy":"category","embeddable":true,"href":"https:\/\/migracao.redenoticia.com.br\/noticia\/wp-json\/wp\/v2\/categories?post=120049"},{"taxonomy":"post_tag","embeddable":true,"href":"https:\/\/migracao.redenoticia.com.br\/noticia\/wp-json\/wp\/v2\/tags?post=120049"}],"curies":[{"name":"wp","href":"https:\/\/api.w.org\/{rel}","templated":true}]}}