{"id":120067,"date":"2017-08-29T16:32:08","date_gmt":"2017-08-29T19:32:08","guid":{"rendered":"https:\/\/www.redenoticia.com.br\/noticia\/?p=120067"},"modified":"2017-08-29T16:08:55","modified_gmt":"2017-08-29T19:08:55","slug":"resumo-novela-o-que-a-vida-me-roubou-3008-pedro-dispara-contra-alessandro","status":"publish","type":"post","link":"https:\/\/migracao.redenoticia.com.br\/noticia\/2017\/resumo-novela-o-que-a-vida-me-roubou-3008-pedro-dispara-contra-alessandro\/120067","title":{"rendered":"Resumo novela \u201cO Que A Vida Me Roubou\u201d 30\/08: Pedro dispara contra Alessandro"},"content":{"rendered":"<p><img loading=\"lazy\" decoding=\"async\" src=\"https:\/\/migracao.redenoticia.com.br\/noticia\/imagens\/o-que-a-vida-me-roubou-novela-resumo-sbt-150x112.jpg\" alt=\"\" width=\"150\" height=\"112\" class=\"alignleft size-thumbnail wp-image-105656\" srcset=\"https:\/\/migracao.redenoticia.com.br\/noticia\/imagens\/o-que-a-vida-me-roubou-novela-resumo-sbt-150x112.jpg 150w, https:\/\/migracao.redenoticia.com.br\/noticia\/imagens\/o-que-a-vida-me-roubou-novela-resumo-sbt-265x198.jpg 265w\" sizes=\"auto, (max-width: 150px) 100vw, 150px\" \/><strong><em>Resumo novela \u201cO Que A Vida Me Roubou\u201d 30\/08<\/em><\/strong>: no cap\u00edtulo 153(*) da novela \u201cO Que A Vida Me Roubou\u201d, resumo de quarta-feira, 30 de agosto, o padre Anselmo diz a Mac\u00e1rio que espera que ele tenha esclarecido tudo com o seu filho. V\u00edtor conta a Mac\u00e1rio que Kevin foi parar ao hospital. Alessandro, Jos\u00e9 Lu\u00eds e Demetrio conseguem salvar Montserrat. Pedro rapta Vit\u00f3ria, Laurinho e Luiza. Graziela, ao tentar defend\u00ea-los, acaba por ser agredida. Amea\u00e7ada, Graziela dispara contra V\u00edtor. Josefina conta a Demetrio que Pedro levou as crian\u00e7as. Am\u00e9lia tamb\u00e9m acaba por ser raptada para ficar a tomar conta das crian\u00e7as. V\u00edtor acaba por revelar que foi Graziela quem abriu a porta a Pedro e disparou contra ele. Josefina diz a Graziela que V\u00edtor acabou por morrer na opera\u00e7\u00e3o. Demetrio e Montserrat confrontam a m\u00e3e pedem-lhe que conte a verdade. Demetrio diz a Graziela que ela \u00e9 acusada de rapto e tentativa de homic\u00eddio e ela acaba por se levantar da cadeira de rodas. Graziela pede perd\u00e3o por tudo o que fez e atira-se para uma ravina. Apesar de Pedro ter culpada Alessandro pelo seu acidente, Alessandro diz-lhe que foi Benjamim o verdadeiro culpado. Pedro dispara contra Alessandro. Medina diz a Jos\u00e9 Lu\u00eds que vai ter que escolher quem vai salvar: Luiza ou Laurinho.<\/p>\n<p>(*) edi\u00e7\u00e3o do SBT, Novela \u201cO Que A Vida Me Roubou\u201d, sujeito a altera\u00e7\u00e3o de data e conte\u00fado.<\/p>\n<p>Lo que la vida me rob\u00f3 (no Brasil, O Que a Vida Me Roubou) \u00e9 uma telenovela mexicana produzida por Angelli Nesma Medina para Televisa e exibida pelo Canal de las Estrellas entre 28 de outubro de 2013 e 27 de julho de 2014 em 196 cap\u00edtulos, substituindo La tempestad e sendo substitu\u00edda por Hasta el fin del mundo. A original \u00e9 de Caridad Bravo Adams, sendo esta um remake modernizado das novelas Bodas de odio e Amor real, produzidas em 1983 e 2003, respectivamente. Tem Angelique Boyer, Sebasti\u00e1n Rulli, Luis Roberto Guzm\u00e1n, Daniela Castro, Grettell Vald\u00e9z, Sergio Sendel e Lisset nos papeis principais.<\/p>\n","protected":false},"excerpt":{"rendered":"<p>Resumo novela \u201cO Que A Vida Me Roubou\u201d 30\/08: no cap\u00edtulo 153(*) da novela \u201cO Que A Vida Me Roubou\u201d, resumo de quarta-feira, 30 de agosto, o padre Anselmo diz a Mac\u00e1rio que espera que ele tenha esclarecido tudo com o seu filho. V\u00edtor conta a Mac\u00e1rio que Kevin foi parar ao hospital. Alessandro, Jos\u00e9 [&hellip;]<\/p>\n","protected":false},"author":4,"featured_media":105656,"comment_status":"open","ping_status":"closed","sticky":false,"template":"","format":"standard","meta":{"tdm_status":"","tdm_grid_status":"","footnotes":""},"categories":[379,372,343],"tags":[441],"class_list":{"0":"post-120067","1":"post","2":"type-post","3":"status-publish","4":"format-standard","5":"has-post-thumbnail","7":"category-novelas","8":"category-sbt","9":"category-televisao","10":"tag-resumo-do-dia"},"_links":{"self":[{"href":"https:\/\/migracao.redenoticia.com.br\/noticia\/wp-json\/wp\/v2\/posts\/120067","targetHints":{"allow":["GET"]}}],"collection":[{"href":"https:\/\/migracao.redenoticia.com.br\/noticia\/wp-json\/wp\/v2\/posts"}],"about":[{"href":"https:\/\/migracao.redenoticia.com.br\/noticia\/wp-json\/wp\/v2\/types\/post"}],"author":[{"embeddable":true,"href":"https:\/\/migracao.redenoticia.com.br\/noticia\/wp-json\/wp\/v2\/users\/4"}],"replies":[{"embeddable":true,"href":"https:\/\/migracao.redenoticia.com.br\/noticia\/wp-json\/wp\/v2\/comments?post=120067"}],"version-history":[{"count":0,"href":"https:\/\/migracao.redenoticia.com.br\/noticia\/wp-json\/wp\/v2\/posts\/120067\/revisions"}],"wp:featuredmedia":[{"embeddable":true,"href":"https:\/\/migracao.redenoticia.com.br\/noticia\/wp-json\/wp\/v2\/media\/105656"}],"wp:attachment":[{"href":"https:\/\/migracao.redenoticia.com.br\/noticia\/wp-json\/wp\/v2\/media?parent=120067"}],"wp:term":[{"taxonomy":"category","embeddable":true,"href":"https:\/\/migracao.redenoticia.com.br\/noticia\/wp-json\/wp\/v2\/categories?post=120067"},{"taxonomy":"post_tag","embeddable":true,"href":"https:\/\/migracao.redenoticia.com.br\/noticia\/wp-json\/wp\/v2\/tags?post=120067"}],"curies":[{"name":"wp","href":"https:\/\/api.w.org\/{rel}","templated":true}]}}