{"id":120072,"date":"2017-08-29T16:35:06","date_gmt":"2017-08-29T19:35:06","guid":{"rendered":"https:\/\/www.redenoticia.com.br\/noticia\/?p=120072"},"modified":"2017-08-29T16:10:53","modified_gmt":"2017-08-29T19:10:53","slug":"resumo-novela-chiquititas-3008-jp-pergunta-se-mili-gosta-dele","status":"publish","type":"post","link":"https:\/\/migracao.redenoticia.com.br\/noticia\/2017\/resumo-novela-chiquititas-3008-jp-pergunta-se-mili-gosta-dele\/120072","title":{"rendered":"Resumo novela \u201cChiquititas\u201d 30\/08: JP pergunta se Mili gosta dele"},"content":{"rendered":"<p><img loading=\"lazy\" decoding=\"async\" class=\"alignleft size-thumbnail wp-image-49690\" src=\"https:\/\/migracao.redenoticia.com.br\/noticia\/imagens\/chiquititas1-150x112.jpg\" alt=\"chiquititas\" width=\"150\" height=\"112\" \/><strong><em>Resumo novela \u201cChiquititas\u201d 30\/08<\/em><\/strong>: no cap\u00edtulo 252(*) da novela \u201cChiquititas\u201d, resumo de quarta-feira, 30 de agosto, o Caf\u00e9 Boutique est\u00e1 em crise, com poucos clientes. Em uma reuni\u00e3o, Armando sugere para Junior e Maria Cec\u00edlia fazerem corte de funcion\u00e1rios. Bel convida Rafa para ir at\u00e9 a sorveteria. Carol e Carmen discutem na diretoria sobre o comportamento das Chiquititas, que brincam com roupas no p\u00e1tio. JP diz para seu pai que estava apaixonado por A\u00e7ucena e que agora est\u00e1 confuso em rela\u00e7\u00e3o a Mili. Matilde conta para Carmen que o plano delas em rela\u00e7\u00e3o a Miguel deu certo. Carmen tenta conquistar Bia. JP vai ao orfanato conversar com Mili e diz que esse tempo todo ele estava apaixonado por ela. JP pergunta se Mili gosta dele. Mili diz que est\u00e1 um pouco confusa, mas que sente algo diferente por ele sim. Armando avisa aos funcion\u00e1rios do Caf\u00e9 Boutique que acontecer\u00e1 corte em todas as \u00e1reas da empresa. Armando diz que o funcion\u00e1rio que n\u00e3o estiver de acordo com as metas da empresa ser\u00e1 mandado embora. Carmen convence Bia a anotar tudo o que acontece no orfanato e garante que a cada boa informa\u00e7\u00e3o, dar\u00e1 um presente ou passeio para a chiquitita. Rafa fica visivelmente apaixonado por Bel.<\/p>\n<p>(*) edi\u00e7\u00e3o do SBT, Novela \u201cChiquititas\u201d, sujeito a altera\u00e7\u00e3o de data e conte\u00fado.<\/p>\n<p>Chiquititas gira em torno do orfanato Raio de Luz, que carrega em sua hist\u00f3ria um grande segredo envolvendo a fam\u00edlia e o dono do orfanato, Dr. Jos\u00e9 Ricardo Almeida Campos. Em um per\u00edodo anterior \u00e0 novela, exatos treze anos, sua filha Gabriela se apaixonou e ficou gr\u00e1vida de Miguel, filho de Valentina, empregada da casa dos Almeida Campos. Pouco depois, Jos\u00e9 Ricardo sequestrou sua neta, pois, como um homem conservador, ele n\u00e3o aceitava a ideia de que sua filha se envolvesse com um empregado. Como sua neta, Milena, apelidada como Mili, precisava de um lugar para morar, ele comprou um casar\u00e3o e fundou um orfanato, o Raio de Luz. Mili cresceu l\u00e1 com outras garotas que chegaram posteriormente: Bia, Ana, as irm\u00e3s Tati e Vivi, e Cris. Ao decorrer dos anos, elas se tornam uma fam\u00edlia. Elas s\u00e3o supervisionadas por Ernestina, zeladora do orfanato, e Chico, o cozinheiro amado pelas internas. Sofia, ex-governanta da fam\u00edlia Almeida Campos, \u00e9 a diretora do lugar, at\u00e9 que Carmem, irm\u00e3 de Jos\u00e9 Ricardo, entre em seu lugar. Chegam ainda mais \u00f3rf\u00e3os: Pata, Mosca, Binho e Rafa, que viviam nas ruas antes de entrarem na institui\u00e7\u00e3o. Pata e Mili tornam-se amigas rapidamente, enquanto Mosca, Binho e Rafa s\u00e3o os primeiros garotos a entrar no abrigo. As crian\u00e7as sem-teto foram ajudadas por uma doce e bela garota que tocam e mudam a vida delas, assim como as das garotas \u00f3rf\u00e3s.<\/p>\n","protected":false},"excerpt":{"rendered":"<p>Resumo novela \u201cChiquititas\u201d 30\/08: no cap\u00edtulo 252(*) da novela \u201cChiquititas\u201d, resumo de quarta-feira, 30 de agosto, o Caf\u00e9 Boutique est\u00e1 em crise, com poucos clientes. Em uma reuni\u00e3o, Armando sugere para Junior e Maria Cec\u00edlia fazerem corte de funcion\u00e1rios. Bel convida Rafa para ir at\u00e9 a sorveteria. Carol e Carmen discutem na diretoria sobre o [&hellip;]<\/p>\n","protected":false},"author":4,"featured_media":49690,"comment_status":"open","ping_status":"closed","sticky":false,"template":"","format":"standard","meta":{"tdm_status":"","tdm_grid_status":"","footnotes":""},"categories":[409,379,372,343],"tags":[441],"class_list":{"0":"post-120072","1":"post","2":"type-post","3":"status-publish","4":"format-standard","5":"has-post-thumbnail","7":"category-chiquititas","8":"category-novelas","9":"category-sbt","10":"category-televisao","11":"tag-resumo-do-dia"},"_links":{"self":[{"href":"https:\/\/migracao.redenoticia.com.br\/noticia\/wp-json\/wp\/v2\/posts\/120072","targetHints":{"allow":["GET"]}}],"collection":[{"href":"https:\/\/migracao.redenoticia.com.br\/noticia\/wp-json\/wp\/v2\/posts"}],"about":[{"href":"https:\/\/migracao.redenoticia.com.br\/noticia\/wp-json\/wp\/v2\/types\/post"}],"author":[{"embeddable":true,"href":"https:\/\/migracao.redenoticia.com.br\/noticia\/wp-json\/wp\/v2\/users\/4"}],"replies":[{"embeddable":true,"href":"https:\/\/migracao.redenoticia.com.br\/noticia\/wp-json\/wp\/v2\/comments?post=120072"}],"version-history":[{"count":0,"href":"https:\/\/migracao.redenoticia.com.br\/noticia\/wp-json\/wp\/v2\/posts\/120072\/revisions"}],"wp:featuredmedia":[{"embeddable":true,"href":"https:\/\/migracao.redenoticia.com.br\/noticia\/wp-json\/wp\/v2\/media\/49690"}],"wp:attachment":[{"href":"https:\/\/migracao.redenoticia.com.br\/noticia\/wp-json\/wp\/v2\/media?parent=120072"}],"wp:term":[{"taxonomy":"category","embeddable":true,"href":"https:\/\/migracao.redenoticia.com.br\/noticia\/wp-json\/wp\/v2\/categories?post=120072"},{"taxonomy":"post_tag","embeddable":true,"href":"https:\/\/migracao.redenoticia.com.br\/noticia\/wp-json\/wp\/v2\/tags?post=120072"}],"curies":[{"name":"wp","href":"https:\/\/api.w.org\/{rel}","templated":true}]}}