{"id":120080,"date":"2017-08-29T16:39:25","date_gmt":"2017-08-29T19:39:25","guid":{"rendered":"https:\/\/www.redenoticia.com.br\/noticia\/?p=120080"},"modified":"2017-08-29T18:31:31","modified_gmt":"2017-08-29T21:31:31","slug":"resumo-novela-pega-pega-3008-apos-assalto-arlete-ajuda-pedrinho","status":"publish","type":"post","link":"https:\/\/migracao.redenoticia.com.br\/noticia\/2017\/resumo-novela-pega-pega-3008-apos-assalto-arlete-ajuda-pedrinho\/120080","title":{"rendered":"Resumo novela \u201cPega Pega\u201d 30\/08: Arlete ajuda Pedrinho"},"content":{"rendered":"<p><img loading=\"lazy\" decoding=\"async\" class=\"alignleft size-thumbnail wp-image-114640\" src=\"https:\/\/migracao.redenoticia.com.br\/noticia\/imagens\/pega-pega-globo-novela-resumo-150x112.jpg\" alt=\"\" width=\"150\" height=\"112\" srcset=\"https:\/\/migracao.redenoticia.com.br\/noticia\/imagens\/pega-pega-globo-novela-resumo-150x112.jpg 150w, https:\/\/migracao.redenoticia.com.br\/noticia\/imagens\/pega-pega-globo-novela-resumo-265x198.jpg 265w\" sizes=\"auto, (max-width: 150px) 100vw, 150px\" \/><strong><em>Resumo novela \u201cPega Pega\u201d 30\/08<\/em><\/strong>: no cap\u00edtulo 074(*) da novela \u201cPega Pega\u201d, resumo de quarta-feira, 30 de agosto, Agnaldo comenta com Wanderley que os seguran\u00e7as de Eric est\u00e3o atr\u00e1s dele. Dom pede a T\u00e2nia que n\u00e3o conte para Sabine sobre o relacionamento deles. Evandro conta ao pessoal da vila que M\u00f4nica n\u00e3o mora mais com ele. T\u00e2nia revela a Sabine que est\u00e1 namorando Dom e prop\u00f5e uni\u00e3o \u00e0 empres\u00e1ria para manipular o rapaz. Ant\u00f4nia e Luiza ficam sabendo que Isabel viajou para o Rio de Janeiro. Sandra Helena n\u00e3o cede ao pedido de Agnaldo para reatar o namoro. Arlete ajuda Pedrinho ap\u00f3s o magnata sofrer um assalto. Dilson confidencia a Dom\u00eanico que Agnaldo emprestou dinheiro para sua fam\u00edlia. Sabine diz a Dom que quer oferecer um jantar para a fam\u00edlia biol\u00f3gica dele. Gilda notifica Douglas que uma h\u00f3spede pode ter sido roubada. Agnaldo se apavora ao ouvir Douglas anunciar que chamar\u00e1 a pol\u00edcia.<\/p>\n<p>(*) edi\u00e7\u00e3o da Rede Globo, Novela \u201cPega Pega\u201d, sujeito a altera\u00e7\u00e3o de data e conte\u00fado.<\/p>\n<p>Pega Pega \u00e9 uma telenovela brasileira produzida pela Rede Globo, para o hor\u00e1rio das 19 horas. Ambientada no Rio de Janeiro, entre os bairros de Copacabana e Tijuca, Pega Pega tem como trama central o roubo ao Hotel Carioca Palace e seus desdobramentos na vida de cada um dos envolvidos, sejam eles h\u00f3spedes, suspeitos ou convidados do grande baile de gala. Assinando a autoria de uma novela pela primeira vez, Claudia Souto prop\u00f5e falar de \u00e9tica com bom humor, sob o ponto de vista de pessoas comuns.<\/p>\n","protected":false},"excerpt":{"rendered":"<p>Resumo novela \u201cPega Pega\u201d 30\/08: no cap\u00edtulo 074(*) da novela \u201cPega Pega\u201d, resumo de quarta-feira, 30 de agosto, Agnaldo comenta com Wanderley que os seguran\u00e7as de Eric est\u00e3o atr\u00e1s dele. Dom pede a T\u00e2nia que n\u00e3o conte para Sabine sobre o relacionamento deles. Evandro conta ao pessoal da vila que M\u00f4nica n\u00e3o mora mais com [&hellip;]<\/p>\n","protected":false},"author":4,"featured_media":114640,"comment_status":"open","ping_status":"closed","sticky":false,"template":"","format":"standard","meta":{"tdm_status":"","tdm_grid_status":"","footnotes":""},"categories":[379,375,343],"tags":[441],"class_list":{"0":"post-120080","1":"post","2":"type-post","3":"status-publish","4":"format-standard","5":"has-post-thumbnail","7":"category-novelas","8":"category-rede-globo","9":"category-televisao","10":"tag-resumo-do-dia"},"_links":{"self":[{"href":"https:\/\/migracao.redenoticia.com.br\/noticia\/wp-json\/wp\/v2\/posts\/120080","targetHints":{"allow":["GET"]}}],"collection":[{"href":"https:\/\/migracao.redenoticia.com.br\/noticia\/wp-json\/wp\/v2\/posts"}],"about":[{"href":"https:\/\/migracao.redenoticia.com.br\/noticia\/wp-json\/wp\/v2\/types\/post"}],"author":[{"embeddable":true,"href":"https:\/\/migracao.redenoticia.com.br\/noticia\/wp-json\/wp\/v2\/users\/4"}],"replies":[{"embeddable":true,"href":"https:\/\/migracao.redenoticia.com.br\/noticia\/wp-json\/wp\/v2\/comments?post=120080"}],"version-history":[{"count":0,"href":"https:\/\/migracao.redenoticia.com.br\/noticia\/wp-json\/wp\/v2\/posts\/120080\/revisions"}],"wp:featuredmedia":[{"embeddable":true,"href":"https:\/\/migracao.redenoticia.com.br\/noticia\/wp-json\/wp\/v2\/media\/114640"}],"wp:attachment":[{"href":"https:\/\/migracao.redenoticia.com.br\/noticia\/wp-json\/wp\/v2\/media?parent=120080"}],"wp:term":[{"taxonomy":"category","embeddable":true,"href":"https:\/\/migracao.redenoticia.com.br\/noticia\/wp-json\/wp\/v2\/categories?post=120080"},{"taxonomy":"post_tag","embeddable":true,"href":"https:\/\/migracao.redenoticia.com.br\/noticia\/wp-json\/wp\/v2\/tags?post=120080"}],"curies":[{"name":"wp","href":"https:\/\/api.w.org\/{rel}","templated":true}]}}