{"id":120107,"date":"2017-08-31T00:04:03","date_gmt":"2017-08-31T03:04:03","guid":{"rendered":"https:\/\/www.redenoticia.com.br\/noticia\/?p=120107"},"modified":"2017-08-30T19:27:40","modified_gmt":"2017-08-30T22:27:40","slug":"doutorado-academico-industrial-do-ufabc-seleciona-candidatos-ao-pre-doutorado","status":"publish","type":"post","link":"https:\/\/migracao.redenoticia.com.br\/noticia\/2017\/doutorado-academico-industrial-do-ufabc-seleciona-candidatos-ao-pre-doutorado\/120107","title":{"rendered":"Doutorado Acad\u00eamico Industrial do UFABC seleciona candidatos ao pr\u00e9-doutorado"},"content":{"rendered":"<p> Ag\u00eancia FAPESP\u00a0\u2013 O <strong><em>Doutorado Acad\u00eamico Industrial<\/em><\/strong> (DAI) da Universidade Federal do ABC (UFABC) abriu inscri\u00e7\u00f5es para a sele\u00e7\u00e3o de candidatos ao pr\u00e9-doutorado. O prazo de inscri\u00e7\u00e3o encerra em 8 de outubro e o curso ter\u00e1 in\u00edcio previsto para o primeiro quadrimestre de 2018.<\/p>\n<p>Nessa modalidade de p\u00f3s-gradua\u00e7\u00e3o, os alunos desenvolver\u00e3o suas pesquisas concomitantemente em laborat\u00f3rios e centros de pesquisa de empresas e ind\u00fastrias privadas ou p\u00fablicas. Ap\u00f3s a elabora\u00e7\u00e3o e aprova\u00e7\u00e3o do projeto desenvolvido nesta etapa de pr\u00e9-doutorado, o aluno ser\u00e1 regularmente matriculado em um programa de p\u00f3s-gradua\u00e7\u00e3o da UFABC previamente selecionado, desde que credenciado ao DAI.<\/p>\n<p>O DAI busca candidatos com perfil interdisciplinar e com as compet\u00eancias necess\u00e1rias para se relacionar e desenvolver trabalhos nos meios acad\u00eamico e industrial. A avalia\u00e7\u00e3o levar\u00e1 em conta o hist\u00f3rico escolar de gradua\u00e7\u00e3o, participa\u00e7\u00e3o em programas de inicia\u00e7\u00e3o cient\u00edfica ou de extens\u00e3o, produ\u00e7\u00e3o cient\u00edfica, experi\u00eancias profissionais no setor industrial e defesa de memorial.<\/p>\n<p>O DAI conta com o apoio do Conselho Nacional de Desenvolvimento Cient\u00edfico e Tecnol\u00f3gico (CNPq) na concess\u00e3o das bolsas.<\/p>\n<p>Mais informa\u00e7\u00f5es sobre o DAI e o\u00a0\u00a0est\u00e3o dispon\u00edveis no\u00a0.<\/p>\n","protected":false},"excerpt":{"rendered":"<p>Ag\u00eancia FAPESP\u00a0\u2013 O Doutorado Acad\u00eamico Industrial (DAI) da Universidade Federal do ABC (UFABC) abriu inscri\u00e7\u00f5es para a sele\u00e7\u00e3o de candidatos ao pr\u00e9-doutorado. O prazo de inscri\u00e7\u00e3o encerra em 8 de outubro e o curso ter\u00e1 in\u00edcio previsto para o primeiro quadrimestre de 2018. Nessa modalidade de p\u00f3s-gradua\u00e7\u00e3o, os alunos desenvolver\u00e3o suas pesquisas concomitantemente em laborat\u00f3rios [&hellip;]<\/p>\n","protected":false},"author":2,"featured_media":36246,"comment_status":"open","ping_status":"closed","sticky":false,"template":"","format":"standard","meta":{"tdm_status":"","tdm_grid_status":"","footnotes":""},"categories":[22,351,370],"tags":[],"class_list":{"0":"post-120107","1":"post","2":"type-post","3":"status-publish","4":"format-standard","5":"has-post-thumbnail","7":"category-brasil","8":"category-cursos","9":"category-inscricao"},"_links":{"self":[{"href":"https:\/\/migracao.redenoticia.com.br\/noticia\/wp-json\/wp\/v2\/posts\/120107","targetHints":{"allow":["GET"]}}],"collection":[{"href":"https:\/\/migracao.redenoticia.com.br\/noticia\/wp-json\/wp\/v2\/posts"}],"about":[{"href":"https:\/\/migracao.redenoticia.com.br\/noticia\/wp-json\/wp\/v2\/types\/post"}],"author":[{"embeddable":true,"href":"https:\/\/migracao.redenoticia.com.br\/noticia\/wp-json\/wp\/v2\/users\/2"}],"replies":[{"embeddable":true,"href":"https:\/\/migracao.redenoticia.com.br\/noticia\/wp-json\/wp\/v2\/comments?post=120107"}],"version-history":[{"count":0,"href":"https:\/\/migracao.redenoticia.com.br\/noticia\/wp-json\/wp\/v2\/posts\/120107\/revisions"}],"wp:featuredmedia":[{"embeddable":true,"href":"https:\/\/migracao.redenoticia.com.br\/noticia\/wp-json\/wp\/v2\/media\/36246"}],"wp:attachment":[{"href":"https:\/\/migracao.redenoticia.com.br\/noticia\/wp-json\/wp\/v2\/media?parent=120107"}],"wp:term":[{"taxonomy":"category","embeddable":true,"href":"https:\/\/migracao.redenoticia.com.br\/noticia\/wp-json\/wp\/v2\/categories?post=120107"},{"taxonomy":"post_tag","embeddable":true,"href":"https:\/\/migracao.redenoticia.com.br\/noticia\/wp-json\/wp\/v2\/tags?post=120107"}],"curies":[{"name":"wp","href":"https:\/\/api.w.org\/{rel}","templated":true}]}}