{"id":120124,"date":"2017-08-30T16:33:39","date_gmt":"2017-08-30T19:33:39","guid":{"rendered":"https:\/\/www.redenoticia.com.br\/noticia\/?p=120124"},"modified":"2017-08-30T16:22:25","modified_gmt":"2017-08-30T19:22:25","slug":"resumo-novela-carinha-de-anjo-3108-gustavo-fica-com-ciume-de-cecilia","status":"publish","type":"post","link":"https:\/\/migracao.redenoticia.com.br\/noticia\/2017\/resumo-novela-carinha-de-anjo-3108-gustavo-fica-com-ciume-de-cecilia\/120124","title":{"rendered":"Resumo novela \u201cCarinha de Anjo\u201d 31\/08: Gustavo fica com ci\u00fame de Cec\u00edlia"},"content":{"rendered":"<p><img loading=\"lazy\" decoding=\"async\" class=\"alignleft size-thumbnail wp-image-99331\" src=\"https:\/\/migracao.redenoticia.com.br\/noticia\/imagens\/carinha_de_anjo_sbt_novela_resumo_capitulo-150x112.jpg\" alt=\"carinha_de_anjo_sbt_novela_resumo_capitulo\" width=\"150\" height=\"112\" srcset=\"https:\/\/migracao.redenoticia.com.br\/noticia\/imagens\/carinha_de_anjo_sbt_novela_resumo_capitulo-150x112.jpg 150w, https:\/\/migracao.redenoticia.com.br\/noticia\/imagens\/carinha_de_anjo_sbt_novela_resumo_capitulo-265x198.jpg 265w\" sizes=\"auto, (max-width: 150px) 100vw, 150px\" \/><strong><em>Resumo novela \u201cCarinha de Anjo\u201d 31\/08<\/em><\/strong>: no cap\u00edtulo 204(*) da novela \u201cCarinha de Anjo\u201d, resumo de quinta-feira, 31 de agosto, Cec\u00edlia fica confusa se as flores s\u00e3o pedido de desculpa ou de despedida. Gustavo leva Juju, Em\u00edlio e Dulce Maria para o food truck de Vitor. Madre Superiora v\u00ea a sala de m\u00fasica completamente bagun\u00e7ada e fica nervosa por achar que a culpa \u00e9 de Fabiana. Diana vai conversar com doutor Andr\u00e9 para aceitar o emprego e deixa Zeca, Miguel e Z\u00e9 Felipe no food truck. Fabiana fica chateada com a bronca que leva de Madre Superiora ap\u00f3s ser responsabilizada pela bagun\u00e7a na sala de m\u00fasica. Rosana conversa com Silvestre e descobre que a implic\u00e2ncia dele \u00e9 por ela ter tirado seus quadros do sagu\u00e3o do pr\u00e9dio ap\u00f3s virar sindica. Rosana pede desculpa, os dois se abra\u00e7am e fazem as pazes. Miguel e Z\u00e9 Felipe contam para Dulce Maria e Em\u00edlio que n\u00e3o querem ficar longe de Diana todo final de semana, mas que ela precisa trabalhar pelo aumento da despesa da casa. Dulce diz que vai pensar em um plano para ajudar os amigos. Gustavo fica com ci\u00fame ap\u00f3s Diana dizer que se dependesse de Andr\u00e9, o m\u00e9dico seria mais do que amigo de Cec\u00edlia. Zeca fica irritado ao ver uma foto de Juju com Luciano. A vlogueira tenta explicar, mas o garoto fica chateado e vai embora para casa.<\/p>\n<p>(*) edi\u00e7\u00e3o do SBT, Novela \u201cCarinha de Anjo\u201d, sujeito a altera\u00e7\u00e3o de data e conte\u00fado.<\/p>\n<p>Carinha de Anjo \u00e9 uma telenovela brasileira produzida e exibida originalmente pelo SBT desde o dia 21 de novembro de 2016, substituindo o hor\u00e1rio anteriormente ocupado por C\u00famplices de um Resgate. A telenovela \u00e9 inspirada na mexicana Carita de \u00e1ngel, que, por sua vez, \u00e9 um remake de Mundo de juguete, ambas produzidas pela Televisa e que haviam sido baseadas na trama argentina escrita por Abel Santa Cruz, Pap\u00e1 coraz\u00f3n. Esta ser\u00e1 a segunda adapta\u00e7\u00e3o brasileira da obra original argentina, visto que a Rede Tupi apresentou em 1976 a sua primeira vers\u00e3o, chamada de Papai Cora\u00e7\u00e3o. A nova vers\u00e3o \u00e9 escrita por Leonor Corr\u00eaa, com supervis\u00e3o de \u00cdris Abravanel e dire\u00e7\u00e3o geral de Ricardo Mantoanelli. A trama conta com Lorena Queiroz, Bia Arantes, Carlo Porto, Priscila Sol, Dani Gondim, Karin Hils, Eliana Guttman e Lucero nos pap\u00e9is principais.<\/p>\n","protected":false},"excerpt":{"rendered":"<p>Resumo novela \u201cCarinha de Anjo\u201d 31\/08: no cap\u00edtulo 204(*) da novela \u201cCarinha de Anjo\u201d, resumo de quinta-feira, 31 de agosto, Cec\u00edlia fica confusa se as flores s\u00e3o pedido de desculpa ou de despedida. Gustavo leva Juju, Em\u00edlio e Dulce Maria para o food truck de Vitor. Madre Superiora v\u00ea a sala de m\u00fasica completamente bagun\u00e7ada [&hellip;]<\/p>\n","protected":false},"author":4,"featured_media":99331,"comment_status":"open","ping_status":"closed","sticky":false,"template":"","format":"standard","meta":{"tdm_status":"","tdm_grid_status":"","footnotes":""},"categories":[452,379,372,343],"tags":[441],"class_list":{"0":"post-120124","1":"post","2":"type-post","3":"status-publish","4":"format-standard","5":"has-post-thumbnail","7":"category-carinha-de-anjo","8":"category-novelas","9":"category-sbt","10":"category-televisao","11":"tag-resumo-do-dia"},"_links":{"self":[{"href":"https:\/\/migracao.redenoticia.com.br\/noticia\/wp-json\/wp\/v2\/posts\/120124","targetHints":{"allow":["GET"]}}],"collection":[{"href":"https:\/\/migracao.redenoticia.com.br\/noticia\/wp-json\/wp\/v2\/posts"}],"about":[{"href":"https:\/\/migracao.redenoticia.com.br\/noticia\/wp-json\/wp\/v2\/types\/post"}],"author":[{"embeddable":true,"href":"https:\/\/migracao.redenoticia.com.br\/noticia\/wp-json\/wp\/v2\/users\/4"}],"replies":[{"embeddable":true,"href":"https:\/\/migracao.redenoticia.com.br\/noticia\/wp-json\/wp\/v2\/comments?post=120124"}],"version-history":[{"count":0,"href":"https:\/\/migracao.redenoticia.com.br\/noticia\/wp-json\/wp\/v2\/posts\/120124\/revisions"}],"wp:featuredmedia":[{"embeddable":true,"href":"https:\/\/migracao.redenoticia.com.br\/noticia\/wp-json\/wp\/v2\/media\/99331"}],"wp:attachment":[{"href":"https:\/\/migracao.redenoticia.com.br\/noticia\/wp-json\/wp\/v2\/media?parent=120124"}],"wp:term":[{"taxonomy":"category","embeddable":true,"href":"https:\/\/migracao.redenoticia.com.br\/noticia\/wp-json\/wp\/v2\/categories?post=120124"},{"taxonomy":"post_tag","embeddable":true,"href":"https:\/\/migracao.redenoticia.com.br\/noticia\/wp-json\/wp\/v2\/tags?post=120124"}],"curies":[{"name":"wp","href":"https:\/\/api.w.org\/{rel}","templated":true}]}}