{"id":120127,"date":"2017-08-30T16:34:33","date_gmt":"2017-08-30T19:34:33","guid":{"rendered":"https:\/\/www.redenoticia.com.br\/noticia\/?p=120127"},"modified":"2017-08-30T16:23:36","modified_gmt":"2017-08-30T19:23:36","slug":"resumo-novela-chiquititas-3108-jp-envia-flores-para-mili","status":"publish","type":"post","link":"https:\/\/migracao.redenoticia.com.br\/noticia\/2017\/resumo-novela-chiquititas-3108-jp-envia-flores-para-mili\/120127","title":{"rendered":"Resumo novela \u201cChiquititas\u201d 31\/08: JP envia flores para Mili"},"content":{"rendered":"<p>[contact-form][contact-field label=&#8221;Nome&#8221; type=&#8221;name&#8221;  required=&#8221;true&#8221; \/][contact-field label=&#8221;E-mail&#8221; type=&#8221;email&#8221; required=&#8221;true&#8221; \/][contact-field label=&#8221;Site&#8221; type=&#8221;url&#8221; \/][contact-field label=&#8221;Mensagem&#8221; type=&#8221;textarea&#8221; \/][\/contact-form]<img loading=\"lazy\" decoding=\"async\" class=\"alignleft size-thumbnail wp-image-49690\" src=\"https:\/\/migracao.redenoticia.com.br\/noticia\/imagens\/chiquititas1-150x112.jpg\" alt=\"chiquititas\" width=\"150\" height=\"112\" \/><strong><em>Resumo novela \u201cChiquititas\u201d 31\/08<\/em><\/strong>: no cap\u00edtulo 253(*) da novela \u201cChiquititas\u201d, resumo de quinta-feira, 31 de agosto, \u00c9rica discute com Clarita no Caf\u00e9 Boutique. Armando pressiona todos os funcion\u00e1rios e os amea\u00e7a de serem mandados embora. Armando diz que se \u00c9rica ajudar ele a sabotar Beto, ela n\u00e3o ser\u00e1 mandada embora. \u00c9rica aceita. Mili diz para suas amigas que est\u00e1 confusa em rela\u00e7\u00e3o a JP. Bruno pede para Carol ajud\u00e1-lo a ser aceito por sua filha, Dani. Carol diz que far\u00e1 o poss\u00edvel, mas que ele precisa ter paci\u00eancia. \u00c9rica troca o pedido dos clientes que Beto est\u00e1 atendendo para ajudar Armando, conforme combinado. Bia anota tudo que acha incorreto no orfanato. Os meninos dizem que Chico ainda gosta de Ernestina. Para ajudar o cozinheiro, Samuca se veste de mulher para tentar saber se Ernestina, que na verdade \u00e9 Matilde, sente ci\u00fame de Chico. Bruno e Carol levam Dani para passear no parque. JP envia flores para Mili. Vivi ajuda Samuca a se caracterizar de mulher. Chico finge conhecer Sami, que na verdade \u00e9 Samuca disfar\u00e7ado.<\/p>\n<p>(*) edi\u00e7\u00e3o do SBT, Novela \u201cChiquititas\u201d, sujeito a altera\u00e7\u00e3o de data e conte\u00fado.<\/p>\n<p>Chiquititas gira em torno do orfanato Raio de Luz, que carrega em sua hist\u00f3ria um grande segredo envolvendo a fam\u00edlia e o dono do orfanato, Dr. Jos\u00e9 Ricardo Almeida Campos. Em um per\u00edodo anterior \u00e0 novela, exatos treze anos, sua filha Gabriela se apaixonou e ficou gr\u00e1vida de Miguel, filho de Valentina, empregada da casa dos Almeida Campos. Pouco depois, Jos\u00e9 Ricardo sequestrou sua neta, pois, como um homem conservador, ele n\u00e3o aceitava a ideia de que sua filha se envolvesse com um empregado. Como sua neta, Milena, apelidada como Mili, precisava de um lugar para morar, ele comprou um casar\u00e3o e fundou um orfanato, o Raio de Luz. Mili cresceu l\u00e1 com outras garotas que chegaram posteriormente: Bia, Ana, as irm\u00e3s Tati e Vivi, e Cris. Ao decorrer dos anos, elas se tornam uma fam\u00edlia. Elas s\u00e3o supervisionadas por Ernestina, zeladora do orfanato, e Chico, o cozinheiro amado pelas internas. Sofia, ex-governanta da fam\u00edlia Almeida Campos, \u00e9 a diretora do lugar, at\u00e9 que Carmem, irm\u00e3 de Jos\u00e9 Ricardo, entre em seu lugar. Chegam ainda mais \u00f3rf\u00e3os: Pata, Mosca, Binho e Rafa, que viviam nas ruas antes de entrarem na institui\u00e7\u00e3o. Pata e Mili tornam-se amigas rapidamente, enquanto Mosca, Binho e Rafa s\u00e3o os primeiros garotos a entrar no abrigo. As crian\u00e7as sem-teto foram ajudadas por uma doce e bela garota que tocam e mudam a vida delas, assim como as das garotas \u00f3rf\u00e3s.<\/p>\n","protected":false},"excerpt":{"rendered":"<p>[contact-form][contact-field label=&#8221;Nome&#8221; type=&#8221;name&#8221; required=&#8221;true&#8221; \/][contact-field label=&#8221;E-mail&#8221; type=&#8221;email&#8221; required=&#8221;true&#8221; \/][contact-field label=&#8221;Site&#8221; type=&#8221;url&#8221; \/][contact-field label=&#8221;Mensagem&#8221; type=&#8221;textarea&#8221; \/][\/contact-form]Resumo novela \u201cChiquititas\u201d 31\/08: no cap\u00edtulo 253(*) da novela \u201cChiquititas\u201d, resumo de quinta-feira, 31 de agosto, \u00c9rica discute com Clarita no Caf\u00e9 Boutique. Armando pressiona todos os funcion\u00e1rios e os amea\u00e7a de serem mandados embora. Armando diz que se \u00c9rica ajudar [&hellip;]<\/p>\n","protected":false},"author":4,"featured_media":49690,"comment_status":"open","ping_status":"closed","sticky":false,"template":"","format":"standard","meta":{"tdm_status":"","tdm_grid_status":"","footnotes":""},"categories":[409,379,372,343],"tags":[441],"class_list":{"0":"post-120127","1":"post","2":"type-post","3":"status-publish","4":"format-standard","5":"has-post-thumbnail","7":"category-chiquititas","8":"category-novelas","9":"category-sbt","10":"category-televisao","11":"tag-resumo-do-dia"},"_links":{"self":[{"href":"https:\/\/migracao.redenoticia.com.br\/noticia\/wp-json\/wp\/v2\/posts\/120127","targetHints":{"allow":["GET"]}}],"collection":[{"href":"https:\/\/migracao.redenoticia.com.br\/noticia\/wp-json\/wp\/v2\/posts"}],"about":[{"href":"https:\/\/migracao.redenoticia.com.br\/noticia\/wp-json\/wp\/v2\/types\/post"}],"author":[{"embeddable":true,"href":"https:\/\/migracao.redenoticia.com.br\/noticia\/wp-json\/wp\/v2\/users\/4"}],"replies":[{"embeddable":true,"href":"https:\/\/migracao.redenoticia.com.br\/noticia\/wp-json\/wp\/v2\/comments?post=120127"}],"version-history":[{"count":0,"href":"https:\/\/migracao.redenoticia.com.br\/noticia\/wp-json\/wp\/v2\/posts\/120127\/revisions"}],"wp:featuredmedia":[{"embeddable":true,"href":"https:\/\/migracao.redenoticia.com.br\/noticia\/wp-json\/wp\/v2\/media\/49690"}],"wp:attachment":[{"href":"https:\/\/migracao.redenoticia.com.br\/noticia\/wp-json\/wp\/v2\/media?parent=120127"}],"wp:term":[{"taxonomy":"category","embeddable":true,"href":"https:\/\/migracao.redenoticia.com.br\/noticia\/wp-json\/wp\/v2\/categories?post=120127"},{"taxonomy":"post_tag","embeddable":true,"href":"https:\/\/migracao.redenoticia.com.br\/noticia\/wp-json\/wp\/v2\/tags?post=120127"}],"curies":[{"name":"wp","href":"https:\/\/api.w.org\/{rel}","templated":true}]}}