{"id":120135,"date":"2017-08-30T16:37:14","date_gmt":"2017-08-30T19:37:14","guid":{"rendered":"https:\/\/www.redenoticia.com.br\/noticia\/?p=120135"},"modified":"2017-08-30T16:30:52","modified_gmt":"2017-08-30T19:30:52","slug":"resumo-novela-novo-mundo-3108-dom-pedro-nomeia-leopoldina-a-princesa-regente","status":"publish","type":"post","link":"https:\/\/migracao.redenoticia.com.br\/noticia\/2017\/resumo-novela-novo-mundo-3108-dom-pedro-nomeia-leopoldina-a-princesa-regente\/120135","title":{"rendered":"Resumo novela \u201cNovo Mundo\u201d 31\/08: Pedro nomeia Leopoldina a Princesa Regente"},"content":{"rendered":"<p><img loading=\"lazy\" decoding=\"async\" class=\"alignleft size-thumbnail wp-image-107950\" src=\"https:\/\/migracao.redenoticia.com.br\/noticia\/imagens\/novo_mundo_novela_resumo_globo-150x112.jpg\" alt=\"\" width=\"150\" height=\"112\" srcset=\"https:\/\/migracao.redenoticia.com.br\/noticia\/imagens\/novo_mundo_novela_resumo_globo-150x112.jpg 150w, https:\/\/migracao.redenoticia.com.br\/noticia\/imagens\/novo_mundo_novela_resumo_globo-265x198.jpg 265w\" sizes=\"auto, (max-width: 150px) 100vw, 150px\" \/><strong><em>Resumo novela \u201cNovo Mundo\u201d 31\/08<\/em><\/strong>: no cap\u00edtulo 139(*) da novela \u201cNovo Mundo\u201d, resumo de quinta-feira, 31 de agosto, Sebasti\u00e3o \u00e9 preso e amea\u00e7a Cec\u00edlia e Lib\u00e9rio. Dom Pedro faz um acordo com Sebasti\u00e3o para que o criminoso fale tudo o que sabe sobre Thomas. Dom Pedro ignora uma carta de Domitila e Chala\u00e7a observa. Piat\u00e3 decide revelar a todos sua origem e Jacira o apoia. Thomas consegue enganar Howard e Eg\u00eddio e foge dos oficiais. Peter tenta descobrir o que h\u00e1 de errado com Wolfgang. Benedita chega \u00e0 casa de Fel\u00edcio, e Domitila se revolta. Elvira e Quinzinho ajudam Licurgo, que faz sucesso com uma de suas receitas. Schultz desconfia de Greta. Dom Pedro decide ir a S\u00e3o Paulo acabar com as rebeli\u00f5es e Leopoldina teme que o marido encontre Domitila. Dom Pedro nomeia Leopoldina a Princesa Regente do Brasil durante sua aus\u00eancia.<\/p>\n<p>(*) edi\u00e7\u00e3o da Rede Globo, Novela \u201cNovo Mundo\u201d, sujeito a altera\u00e7\u00e3o de data e conte\u00fado.<\/p>\n<p>Novo Mundo \u00e9 uma telenovela brasileira produzida pela Rede Globo. Escrita por Thereza Falc\u00e3o e Alessandro Marson, conta com dire\u00e7\u00e3o art\u00edstica de Vin\u00edcius Coimbra. Conta com as participa\u00e7\u00f5es de Isabelle Drummond, Chay Suede, Caio Castro, Let\u00edcia Colin, Leo Jaime, D\u00e9bora Olivieri, Rodrigo Simas, Giullia Buscacio, Vivianne Pasmanter, Guilherme Piva, R\u00f4mulo Estrela, Agatha Moreira, Luisa Micheletti, Gabriel Braga Nunes, e Ingrid Guimar\u00e3es.<\/p>\n","protected":false},"excerpt":{"rendered":"<p>Resumo novela \u201cNovo Mundo\u201d 31\/08: no cap\u00edtulo 139(*) da novela \u201cNovo Mundo\u201d, resumo de quinta-feira, 31 de agosto, Sebasti\u00e3o \u00e9 preso e amea\u00e7a Cec\u00edlia e Lib\u00e9rio. Dom Pedro faz um acordo com Sebasti\u00e3o para que o criminoso fale tudo o que sabe sobre Thomas. Dom Pedro ignora uma carta de Domitila e Chala\u00e7a observa. Piat\u00e3 [&hellip;]<\/p>\n","protected":false},"author":4,"featured_media":107950,"comment_status":"open","ping_status":"closed","sticky":false,"template":"","format":"standard","meta":{"tdm_status":"","tdm_grid_status":"","footnotes":""},"categories":[379,375,343],"tags":[441],"class_list":{"0":"post-120135","1":"post","2":"type-post","3":"status-publish","4":"format-standard","5":"has-post-thumbnail","7":"category-novelas","8":"category-rede-globo","9":"category-televisao","10":"tag-resumo-do-dia"},"_links":{"self":[{"href":"https:\/\/migracao.redenoticia.com.br\/noticia\/wp-json\/wp\/v2\/posts\/120135","targetHints":{"allow":["GET"]}}],"collection":[{"href":"https:\/\/migracao.redenoticia.com.br\/noticia\/wp-json\/wp\/v2\/posts"}],"about":[{"href":"https:\/\/migracao.redenoticia.com.br\/noticia\/wp-json\/wp\/v2\/types\/post"}],"author":[{"embeddable":true,"href":"https:\/\/migracao.redenoticia.com.br\/noticia\/wp-json\/wp\/v2\/users\/4"}],"replies":[{"embeddable":true,"href":"https:\/\/migracao.redenoticia.com.br\/noticia\/wp-json\/wp\/v2\/comments?post=120135"}],"version-history":[{"count":0,"href":"https:\/\/migracao.redenoticia.com.br\/noticia\/wp-json\/wp\/v2\/posts\/120135\/revisions"}],"wp:featuredmedia":[{"embeddable":true,"href":"https:\/\/migracao.redenoticia.com.br\/noticia\/wp-json\/wp\/v2\/media\/107950"}],"wp:attachment":[{"href":"https:\/\/migracao.redenoticia.com.br\/noticia\/wp-json\/wp\/v2\/media?parent=120135"}],"wp:term":[{"taxonomy":"category","embeddable":true,"href":"https:\/\/migracao.redenoticia.com.br\/noticia\/wp-json\/wp\/v2\/categories?post=120135"},{"taxonomy":"post_tag","embeddable":true,"href":"https:\/\/migracao.redenoticia.com.br\/noticia\/wp-json\/wp\/v2\/tags?post=120135"}],"curies":[{"name":"wp","href":"https:\/\/api.w.org\/{rel}","templated":true}]}}