{"id":120174,"date":"2017-08-31T00:05:42","date_gmt":"2017-08-31T03:05:42","guid":{"rendered":"https:\/\/www.redenoticia.com.br\/noticia\/?p=120174"},"modified":"2017-08-30T19:29:56","modified_gmt":"2017-08-30T22:29:56","slug":"tt-3-em-biologia-molecular-na-unicamp-com-bolsa-da-fapesp","status":"publish","type":"post","link":"https:\/\/migracao.redenoticia.com.br\/noticia\/2017\/tt-3-em-biologia-molecular-na-unicamp-com-bolsa-da-fapesp\/120174","title":{"rendered":"TT-3 em Biologia Molecular na Unicamp com Bolsa da FAPESP"},"content":{"rendered":"<p> Ag\u00eancia FAPESP\u00a0\u2013 A Faculdade de Ci\u00eancias M\u00e9dicas da Universidade Estadual de Campinas (Unicamp) oferece uma oportunidade de <strong><em>Treinamento T\u00e9cnico (TT-3) em virologia humana e molecular<\/em><\/strong> com Bolsa da FAPESP. O prazo de inscri\u00e7\u00e3o termina no dia 10 de setembro de 2017. A bolsa est\u00e1 vinculada \u00e0 pesquisa \u201c\u201d, um Aux\u00edlio Regular da FAPESP que tem Sandra Helena Alves Bonon como pesquisadora respons\u00e1vel.<\/p>\n<p>O objetivo do projeto \u00e9 investigar agentes virais (arbov\u00edrus, herpesv\u00edrus, enterov\u00edrus) que causam infec\u00e7\u00e3o no sistema nervoso em pacientes com sintomas de s\u00edndromes neurol\u00f3gicas agudas, verificando uma poss\u00edvel intera\u00e7\u00e3o entre essas infec\u00e7\u00f5es, assim como entre os v\u00edrus Zika, dengue, chikungunya, etc., e morbimortalidades associadas aos pacientes atendidos na Unicamp.<\/p>\n<p>Interessados devem ter gradua\u00e7\u00e3o, sem reprova\u00e7\u00f5es em seu hist\u00f3rico escolar e sem v\u00ednculo empregat\u00edcio e, de prefer\u00eancia, experi\u00eancia em Biologia Molecular.<\/p>\n<p>Os curr\u00edculos (pode ser link para o CV Lattes) dever\u00e3o ser enviados para\u00a0Sandra Bonon, nos endere\u00e7ossbonon@fcm.unicamp.br\u00a0ou\u00a0sandrabonon@gmail.com.<\/p>\n<p>A oportunidade est\u00e1 publicada em\u00a0.<\/p>\n<p>A Bolsa de TT-3 tem valor de R$ 1.195,60 e \u00e9 direcionada para alunos graduados do n\u00edvel superior, sem reprova\u00e7\u00f5es em seu hist\u00f3rico escolar e sem v\u00ednculo empregat\u00edcio, com dedica\u00e7\u00e3o de 16 a 40 horas semanais \u00e0s atividades de apoio ao projeto de pesquisa. O tempo de bolsa TT-3 ser\u00e1 descontado no caso de o interessado vir a usufruir de Bolsa de Mestrado ou Doutorado Direto.<\/p>\n<p>Para mais informa\u00e7\u00f5es sobre as bolsas de Treinamento T\u00e9cnico acesse\u00a0\u00a0e\u00a0.<\/p>\n<p>Outras vagas de bolsas, em diversas \u00e1reas do conhecimento, est\u00e3o no site FAPESP-Oportunidades, em\u00a0.<\/p>\n","protected":false},"excerpt":{"rendered":"<p>Ag\u00eancia FAPESP\u00a0\u2013 A Faculdade de Ci\u00eancias M\u00e9dicas da Universidade Estadual de Campinas (Unicamp) oferece uma oportunidade de Treinamento T\u00e9cnico (TT-3) em virologia humana e molecular com Bolsa da FAPESP. O prazo de inscri\u00e7\u00e3o termina no dia 10 de setembro de 2017. A bolsa est\u00e1 vinculada \u00e0 pesquisa \u201c\u201d, um Aux\u00edlio Regular da FAPESP que tem [&hellip;]<\/p>\n","protected":false},"author":2,"featured_media":37376,"comment_status":"open","ping_status":"closed","sticky":false,"template":"","format":"standard","meta":{"tdm_status":"","tdm_grid_status":"","footnotes":""},"categories":[22,351,370],"tags":[],"class_list":{"0":"post-120174","1":"post","2":"type-post","3":"status-publish","4":"format-standard","5":"has-post-thumbnail","7":"category-brasil","8":"category-cursos","9":"category-inscricao"},"_links":{"self":[{"href":"https:\/\/migracao.redenoticia.com.br\/noticia\/wp-json\/wp\/v2\/posts\/120174","targetHints":{"allow":["GET"]}}],"collection":[{"href":"https:\/\/migracao.redenoticia.com.br\/noticia\/wp-json\/wp\/v2\/posts"}],"about":[{"href":"https:\/\/migracao.redenoticia.com.br\/noticia\/wp-json\/wp\/v2\/types\/post"}],"author":[{"embeddable":true,"href":"https:\/\/migracao.redenoticia.com.br\/noticia\/wp-json\/wp\/v2\/users\/2"}],"replies":[{"embeddable":true,"href":"https:\/\/migracao.redenoticia.com.br\/noticia\/wp-json\/wp\/v2\/comments?post=120174"}],"version-history":[{"count":0,"href":"https:\/\/migracao.redenoticia.com.br\/noticia\/wp-json\/wp\/v2\/posts\/120174\/revisions"}],"wp:featuredmedia":[{"embeddable":true,"href":"https:\/\/migracao.redenoticia.com.br\/noticia\/wp-json\/wp\/v2\/media\/37376"}],"wp:attachment":[{"href":"https:\/\/migracao.redenoticia.com.br\/noticia\/wp-json\/wp\/v2\/media?parent=120174"}],"wp:term":[{"taxonomy":"category","embeddable":true,"href":"https:\/\/migracao.redenoticia.com.br\/noticia\/wp-json\/wp\/v2\/categories?post=120174"},{"taxonomy":"post_tag","embeddable":true,"href":"https:\/\/migracao.redenoticia.com.br\/noticia\/wp-json\/wp\/v2\/tags?post=120174"}],"curies":[{"name":"wp","href":"https:\/\/api.w.org\/{rel}","templated":true}]}}