{"id":120176,"date":"2017-08-31T00:06:59","date_gmt":"2017-08-31T03:06:59","guid":{"rendered":"https:\/\/www.redenoticia.com.br\/noticia\/?p=120176"},"modified":"2017-08-30T19:30:46","modified_gmt":"2017-08-30T22:30:46","slug":"fazesp-tem-inscricoes-para-curso-gratuito-de-orcamento-publico","status":"publish","type":"post","link":"https:\/\/migracao.redenoticia.com.br\/noticia\/2017\/fazesp-tem-inscricoes-para-curso-gratuito-de-orcamento-publico\/120176","title":{"rendered":"Fazesp tem inscri\u00e7\u00f5es para curso gratuito de or\u00e7amento p\u00fablico"},"content":{"rendered":"<p> Est\u00e3o abertas as inscri\u00e7\u00f5es\u00a0para a terceira turma do <strong><em>curso a dist\u00e2ncia de Or\u00e7amento P\u00fablico<\/em><\/strong>, Controle Social e Cidadania Fiscal da Escola Fazend\u00e1ria do Estado de S\u00e3o Paulo (Fazesp). Os interessados podem fazer o cadastro at\u00e9 o dia 4 de setembro.Totalmente gratuito, o curso ser\u00e1 realizado no pr\u00f3prio ambiente virtual da Fazesp, de 4 de setembro a 31 de outubro. O conte\u00fado \u00e9 direcionado a cidad\u00e3os interessados em obter conhecimentos sobre\u00a0politicas p\u00fablicas adotadas pelo Estado, em especial a import\u00e2ncia do or\u00e7amento p\u00fablico e os instrumentos dispon\u00edveis para o exerc\u00edcio do controle social.<\/p>\n<p>O curso, de educa\u00e7\u00e3o \u00e0 dist\u00e2ncia, conta com carga hor\u00e1ria de 40 horas e foi divido em tr\u00eas m\u00f3dulos: Estado e Sociedade no Brasil, Or\u00e7amento P\u00fablico e Controle Social e Transpar\u00eancia.<\/p>\n<p>Para mais informa\u00e7\u00f5es e para realizar a inscri\u00e7\u00e3o acesse o\u00a0.<\/p>\n<p>Do Portal do Governo SP<\/p>\n","protected":false},"excerpt":{"rendered":"<p>Est\u00e3o abertas as inscri\u00e7\u00f5es\u00a0para a terceira turma do curso a dist\u00e2ncia de Or\u00e7amento P\u00fablico, Controle Social e Cidadania Fiscal da Escola Fazend\u00e1ria do Estado de S\u00e3o Paulo (Fazesp). Os interessados podem fazer o cadastro at\u00e9 o dia 4 de setembro.Totalmente gratuito, o curso ser\u00e1 realizado no pr\u00f3prio ambiente virtual da Fazesp, de 4 de setembro [&hellip;]<\/p>\n","protected":false},"author":2,"featured_media":57584,"comment_status":"open","ping_status":"closed","sticky":false,"template":"","format":"standard","meta":{"tdm_status":"","tdm_grid_status":"","footnotes":""},"categories":[22,351,370],"tags":[],"class_list":{"0":"post-120176","1":"post","2":"type-post","3":"status-publish","4":"format-standard","5":"has-post-thumbnail","7":"category-brasil","8":"category-cursos","9":"category-inscricao"},"_links":{"self":[{"href":"https:\/\/migracao.redenoticia.com.br\/noticia\/wp-json\/wp\/v2\/posts\/120176","targetHints":{"allow":["GET"]}}],"collection":[{"href":"https:\/\/migracao.redenoticia.com.br\/noticia\/wp-json\/wp\/v2\/posts"}],"about":[{"href":"https:\/\/migracao.redenoticia.com.br\/noticia\/wp-json\/wp\/v2\/types\/post"}],"author":[{"embeddable":true,"href":"https:\/\/migracao.redenoticia.com.br\/noticia\/wp-json\/wp\/v2\/users\/2"}],"replies":[{"embeddable":true,"href":"https:\/\/migracao.redenoticia.com.br\/noticia\/wp-json\/wp\/v2\/comments?post=120176"}],"version-history":[{"count":0,"href":"https:\/\/migracao.redenoticia.com.br\/noticia\/wp-json\/wp\/v2\/posts\/120176\/revisions"}],"wp:featuredmedia":[{"embeddable":true,"href":"https:\/\/migracao.redenoticia.com.br\/noticia\/wp-json\/wp\/v2\/media\/57584"}],"wp:attachment":[{"href":"https:\/\/migracao.redenoticia.com.br\/noticia\/wp-json\/wp\/v2\/media?parent=120176"}],"wp:term":[{"taxonomy":"category","embeddable":true,"href":"https:\/\/migracao.redenoticia.com.br\/noticia\/wp-json\/wp\/v2\/categories?post=120176"},{"taxonomy":"post_tag","embeddable":true,"href":"https:\/\/migracao.redenoticia.com.br\/noticia\/wp-json\/wp\/v2\/tags?post=120176"}],"curies":[{"name":"wp","href":"https:\/\/api.w.org\/{rel}","templated":true}]}}