{"id":120194,"date":"2017-08-31T16:40:47","date_gmt":"2017-08-31T19:40:47","guid":{"rendered":"https:\/\/www.redenoticia.com.br\/noticia\/?p=120194"},"modified":"2017-09-01T16:05:15","modified_gmt":"2017-09-01T19:05:15","slug":"novela-ribeirao-do-tempo-resumo-0109-andre-e-sergio-decidem-badernar-o-debate","status":"publish","type":"post","link":"https:\/\/migracao.redenoticia.com.br\/noticia\/2017\/novela-ribeirao-do-tempo-resumo-0109-andre-e-sergio-decidem-badernar-o-debate\/120194","title":{"rendered":"Novela \u201cRibeir\u00e3o do Tempo\u201d resumo 01\/09: Andr\u00e9 e S\u00e9rgio decidem badernar o debate"},"content":{"rendered":"<p> <img loading=\"lazy\" decoding=\"async\" src=\"https:\/\/migracao.redenoticia.com.br\/noticia\/imagens\/ribeirao_do_tempo_novela_record_resumo-150x112.jpg\" alt=\"\" width=\"150\" height=\"112\" class=\"alignleft size-thumbnail wp-image-108265\" srcset=\"https:\/\/migracao.redenoticia.com.br\/noticia\/imagens\/ribeirao_do_tempo_novela_record_resumo-150x112.jpg 150w, https:\/\/migracao.redenoticia.com.br\/noticia\/imagens\/ribeirao_do_tempo_novela_record_resumo-265x198.jpg 265w\" sizes=\"auto, (max-width: 150px) 100vw, 150px\" \/><strong><em>Novela \u201cRibeir\u00e3o do Tempo\u201d resumo 01\/09<\/em><\/strong>: no capitulo 129 (*) da novela \u201cRibeir\u00e3o do Tempo\u201d, sexta-feira, 01 de setembro, Iara diz a Virg\u00edlio que s\u00f3 vai dizer quanto quer receber quando Nicolau topar pag\u00e1-la. Virg\u00edlio liga para Nasinho e diz que Iara garantiu que sair\u00e1 do circuito depois de receber a grana que precisa. Tito demora a perceber a transforma\u00e7\u00e3o de Filomena e, quando percebe, n\u00e3o faz nenhum elogio. Fil\u00f3 fica frustrada. Mateus comenta com Newton que acha a rela\u00e7\u00e3o de Tito e Filomena muito estranha. Filomena d\u00e1 um casaco de presente para Tito, que agradece, mas n\u00e3o d\u00e1 muita bola. Nicolau manda Nasinho tirar Virg\u00edlio da jogada e deixar claro que de agora em diante s\u00f3 tem jogo se eles negociarem diretamente com Iara. Ari pede para Ajuricaba represent\u00e1-lo na reuni\u00e3o em que v\u00e3o ser discutidos os detalhes do debate. <\/p>\n<p>Sereno mostra v\u00e1rias mensagens de internautas no site do Comando Invis\u00edvel e Flores fica impressionado. O professor explica ao hacker que o Comando vai orientar seus seguidores a vaiarem os dois candidatos a prefeito de Ribeir\u00e3o. Teixeira diz a Bruno que na Europa a expectativa de que haja o embargo das obras do resort \u00e9 grande e afirma que, se isso acontecer, Arminda perde for\u00e7a. Arminda diz a Diana que acredita na hist\u00f3ria que ela contou sobre Nicolau e Karina. Andr\u00e9 e S\u00e9rgio decidem agir de acordo com o que o Comando Invis\u00edvel est\u00e1 sugerindo: badernar o debate. Nicolau liga para Arminda e a convida para jantar, mas ela diz que n\u00e3o vai dar, pois precisa dar aten\u00e7\u00e3o \u00e0 Diana. O senador desliga o telefone furioso. <\/p>\n<p>Nicolau fala sem respeito algum sobre Arminda e deixa Beatriz e Larissa horrorizadas. Arminda vai at\u00e9 a casa de Joca, que n\u00e3o est\u00e1. Mesmo muito irritada, L\u00e9ia permite que ela entre e o aguarde na sala. A contragosto, L\u00e9ia serve caf\u00e9 para Arminda. L\u00e9ia prop\u00f5e a Arminda que ela conven\u00e7a Joca a n\u00e3o se meter na vida dela em troca de ela n\u00e3o se meter mais na rela\u00e7\u00e3o dos dois. Arminda topa. Joca fica muito feliz ao ver Arminda. Joca conta a Arminda que descobriu que L\u00e9ia est\u00e1 de caso com Flores. Karina encontra Nicolau em um local escuro e deserto. Karina fala para Nicolau que est\u00e1 insatisfeita por n\u00e3o ter nada de verdade com ele. Ele garante que essa situa\u00e7\u00e3o \u00e9 por pouco tempo. Arminda confessa a Joca que est\u00e1 angustiada por n\u00e3o saber o que fazer em rela\u00e7\u00e3o a Nicolau. <\/p>\n<p>depois de transar com Nicolau, Karina diz a ele que j\u00e1 percebeu que ele quer coloc\u00e1-la na reserva, mas ressalta que n\u00e3o \u00e9 mulher para isso. Karina explode e o senador diz que gosta dela, porque ela \u00e9 ambiciosa. Os dois beijam-se com ardor. Arminda diz a Joca que talvez seja melhor ela romper o noivado com Nicolau. Newton conta a Mateus que est\u00e1 sendo acusado de ter sabotado o avi\u00e3o. Mateus pergunta para Filomena qual foi a rea\u00e7\u00e3o de Tito ao v\u00ea-la com novo visual. Ela responde que com tantas coisas pra resolver Tito acabou n\u00e3o prestando muita aten\u00e7\u00e3o. Flores, Lincon, Teixeira, C\u00e9lia e Ajuricaba se re\u00fanem para conversar sobre os detalhes do debate. Ajuricaba l\u00ea algumas regras para o debate. Lincon ouve impaciente. Ajuricaba e Lincon come\u00e7am a discutir.<\/p>\n<p>(*) edi\u00e7\u00e3o da Rede Record, Novela \u201cRibeir\u00e3o do Tempo\u201d, sujeito a altera\u00e7\u00e3o de data e conte\u00fado.<\/p>\n","protected":false},"excerpt":{"rendered":"<p>Novela \u201cRibeir\u00e3o do Tempo\u201d resumo 01\/09: no capitulo 129 (*) da novela \u201cRibeir\u00e3o do Tempo\u201d, sexta-feira, 01 de setembro, Iara diz a Virg\u00edlio que s\u00f3 vai dizer quanto quer receber quando Nicolau topar pag\u00e1-la. Virg\u00edlio liga para Nasinho e diz que Iara garantiu que sair\u00e1 do circuito depois de receber a grana que precisa. Tito [&hellip;]<\/p>\n","protected":false},"author":2,"featured_media":108265,"comment_status":"open","ping_status":"closed","sticky":false,"template":"","format":"standard","meta":{"tdm_status":"","tdm_grid_status":"","footnotes":""},"categories":[379,371,343],"tags":[441],"class_list":{"0":"post-120194","1":"post","2":"type-post","3":"status-publish","4":"format-standard","5":"has-post-thumbnail","7":"category-novelas","8":"category-rede-record","9":"category-televisao","10":"tag-resumo-do-dia"},"_links":{"self":[{"href":"https:\/\/migracao.redenoticia.com.br\/noticia\/wp-json\/wp\/v2\/posts\/120194","targetHints":{"allow":["GET"]}}],"collection":[{"href":"https:\/\/migracao.redenoticia.com.br\/noticia\/wp-json\/wp\/v2\/posts"}],"about":[{"href":"https:\/\/migracao.redenoticia.com.br\/noticia\/wp-json\/wp\/v2\/types\/post"}],"author":[{"embeddable":true,"href":"https:\/\/migracao.redenoticia.com.br\/noticia\/wp-json\/wp\/v2\/users\/2"}],"replies":[{"embeddable":true,"href":"https:\/\/migracao.redenoticia.com.br\/noticia\/wp-json\/wp\/v2\/comments?post=120194"}],"version-history":[{"count":0,"href":"https:\/\/migracao.redenoticia.com.br\/noticia\/wp-json\/wp\/v2\/posts\/120194\/revisions"}],"wp:featuredmedia":[{"embeddable":true,"href":"https:\/\/migracao.redenoticia.com.br\/noticia\/wp-json\/wp\/v2\/media\/108265"}],"wp:attachment":[{"href":"https:\/\/migracao.redenoticia.com.br\/noticia\/wp-json\/wp\/v2\/media?parent=120194"}],"wp:term":[{"taxonomy":"category","embeddable":true,"href":"https:\/\/migracao.redenoticia.com.br\/noticia\/wp-json\/wp\/v2\/categories?post=120194"},{"taxonomy":"post_tag","embeddable":true,"href":"https:\/\/migracao.redenoticia.com.br\/noticia\/wp-json\/wp\/v2\/tags?post=120194"}],"curies":[{"name":"wp","href":"https:\/\/api.w.org\/{rel}","templated":true}]}}