{"id":120197,"date":"2017-08-31T16:41:28","date_gmt":"2017-08-31T19:41:28","guid":{"rendered":"https:\/\/www.redenoticia.com.br\/noticia\/?p=120197"},"modified":"2017-09-01T16:26:52","modified_gmt":"2017-09-01T19:26:52","slug":"novela-bicho-do-mato-resumo-0109-iru-avisa-que-a-aldeia-sera-atacada","status":"publish","type":"post","link":"https:\/\/migracao.redenoticia.com.br\/noticia\/2017\/novela-bicho-do-mato-resumo-0109-iru-avisa-que-a-aldeia-sera-atacada\/120197","title":{"rendered":"Novela \u201cBicho do Mato\u201d resumo 01\/09: Iru avisa que a aldeia ser\u00e1 atacada"},"content":{"rendered":"<p> <img loading=\"lazy\" decoding=\"async\" class=\"alignleft size-thumbnail wp-image-119859\" src=\"https:\/\/migracao.redenoticia.com.br\/noticia\/imagens\/bicho_do_mato_novela_record_resumo-150x112.jpg\" alt=\"\" width=\"150\" height=\"112\" srcset=\"https:\/\/migracao.redenoticia.com.br\/noticia\/imagens\/bicho_do_mato_novela_record_resumo-150x112.jpg 150w, https:\/\/migracao.redenoticia.com.br\/noticia\/imagens\/bicho_do_mato_novela_record_resumo-265x198.jpg 265w\" sizes=\"auto, (max-width: 150px) 100vw, 150px\" \/><strong><em>Novela \u201cBicho do Mato\u201d resumo 01\/09<\/em><\/strong>: no capitulo 005 (*) da novela \u201cBicho do Mato\u201d, sexta-feira, 01 de setembro, Juba chega na Aldeia com Cec\u00edlia e Tini\u00e1 n\u00e3o gosta. Ana ouve um barulho. Brand\u00e3o chega com seus homens. Cec\u00edlia conta para o Paj\u00e9 sobrbe a morte de seu pais. Ana, Jaci e crian\u00e7as se escondem como podem. Brand\u00e3o passa por Jaci e Ana, escondidas, agachadas. Bexiga p\u00e1ra e acha que tem alguma coisa no mato. <\/p>\n<p>Jaci, Ana e as crian\u00e7as chegam correndo para Yara e avisam que viram homens armados dizendo que iriam atacar a aldeia. Cec\u00edlia recusa ter que voltar para a fazenda. Iru chega na fazenda e avisa que a aldeia ser\u00e1 atacada. Fernando pede para chamar o delegado Maurinho. <\/p>\n<p>Brand\u00e3o d\u00e1 o primeiro tiro. Fernando, Iru, Geraldo e alguns pe\u00f5es chegam armados. Brand\u00e3o diz que agora pai e filho v\u00e3o morrer. Juba v\u00ea Brand\u00e3o, encapuzado, atr\u00e1s de uma \u00e1rvore. Brand\u00e3o aponta a arma em dire\u00e7\u00e3o de Fernando. Juba \u00e9 \u00e1gil e empurra Fernando. Juba recebe o tiro que seria para o pai. Juba est\u00e1 ferido nos bra\u00e7os de Fernando. Brand\u00e3o mira em Fernando,mas o delegado maurinho chega. Brand\u00e3o e seus homens v\u00e3o se retirando. Juba chega na aldeia e Cec\u00edlia diz que ele precisa ir para o hospital. Brand\u00e3o ainda quer surpreender Juba e Fernando na estrada de volta para a fazenda. Juba, Cec\u00edlia e Fernando partem para o hospital. Brand\u00e3o v\u00ea de bin\u00f3culo o jipe de Fernando e se prepara para atacar. Na aldeia, Tini\u00e1 quer ir atr\u00e1s de Juba. Um tiro \u00e9 disparado e atinge o vidro do jipe. Brand\u00e3o, encapuzado, e seus homens, avan\u00e7am a cavalo. Fernando toma um atalho com o jipe.<\/p>\n<p>(*) edi\u00e7\u00e3o da Rede Record, Novela \u201cBicho do Mato\u201d, sujeito a altera\u00e7\u00e3o de data e conte\u00fado.<\/p>\n","protected":false},"excerpt":{"rendered":"<p>Novela \u201cBicho do Mato\u201d resumo 01\/09: no capitulo 005 (*) da novela \u201cBicho do Mato\u201d, sexta-feira, 01 de setembro, Juba chega na Aldeia com Cec\u00edlia e Tini\u00e1 n\u00e3o gosta. Ana ouve um barulho. Brand\u00e3o chega com seus homens. Cec\u00edlia conta para o Paj\u00e9 sobrbe a morte de seu pais. Ana, Jaci e crian\u00e7as se escondem [&hellip;]<\/p>\n","protected":false},"author":2,"featured_media":119859,"comment_status":"open","ping_status":"closed","sticky":false,"template":"","format":"standard","meta":{"tdm_status":"","tdm_grid_status":"","footnotes":""},"categories":[379,371,343],"tags":[441],"class_list":{"0":"post-120197","1":"post","2":"type-post","3":"status-publish","4":"format-standard","5":"has-post-thumbnail","7":"category-novelas","8":"category-rede-record","9":"category-televisao","10":"tag-resumo-do-dia"},"_links":{"self":[{"href":"https:\/\/migracao.redenoticia.com.br\/noticia\/wp-json\/wp\/v2\/posts\/120197","targetHints":{"allow":["GET"]}}],"collection":[{"href":"https:\/\/migracao.redenoticia.com.br\/noticia\/wp-json\/wp\/v2\/posts"}],"about":[{"href":"https:\/\/migracao.redenoticia.com.br\/noticia\/wp-json\/wp\/v2\/types\/post"}],"author":[{"embeddable":true,"href":"https:\/\/migracao.redenoticia.com.br\/noticia\/wp-json\/wp\/v2\/users\/2"}],"replies":[{"embeddable":true,"href":"https:\/\/migracao.redenoticia.com.br\/noticia\/wp-json\/wp\/v2\/comments?post=120197"}],"version-history":[{"count":0,"href":"https:\/\/migracao.redenoticia.com.br\/noticia\/wp-json\/wp\/v2\/posts\/120197\/revisions"}],"wp:featuredmedia":[{"embeddable":true,"href":"https:\/\/migracao.redenoticia.com.br\/noticia\/wp-json\/wp\/v2\/media\/119859"}],"wp:attachment":[{"href":"https:\/\/migracao.redenoticia.com.br\/noticia\/wp-json\/wp\/v2\/media?parent=120197"}],"wp:term":[{"taxonomy":"category","embeddable":true,"href":"https:\/\/migracao.redenoticia.com.br\/noticia\/wp-json\/wp\/v2\/categories?post=120197"},{"taxonomy":"post_tag","embeddable":true,"href":"https:\/\/migracao.redenoticia.com.br\/noticia\/wp-json\/wp\/v2\/tags?post=120197"}],"curies":[{"name":"wp","href":"https:\/\/api.w.org\/{rel}","templated":true}]}}