{"id":1202,"date":"2009-05-05T17:16:16","date_gmt":"2009-05-05T21:16:16","guid":{"rendered":"http:\/\/www.redenoticia.com.br\/noticia\/?p=1202"},"modified":"2009-05-05T17:16:16","modified_gmt":"2009-05-05T21:16:16","slug":"70-dos-idosos-ja-foram-vacinados-em-ji-parana","status":"publish","type":"post","link":"https:\/\/migracao.redenoticia.com.br\/noticia\/2009\/70-dos-idosos-ja-foram-vacinados-em-ji-parana\/1202","title":{"rendered":"70% dos idosos j\u00e1 foram vacinados em Ji-Paran\u00e1"},"content":{"rendered":"<p class=\"MsoNormal\">A Secretaria de Sa\u00fade informou que aproximadamente quatro mil pessoas com 60 anos ou mais j\u00e1 procuraram os postos de sa\u00fade e se preveniram da gripe atrav\u00e9s de vacina. Este n\u00famero representa 70% do p\u00fablico esperado na campanha deste ano.<\/p>\n<p class=\"MsoNormal\">A meta do Governo do Estado \u00e9 imunizar aproximadamente 80 mil pessoas acima de 60 anos no estado. A campanha segue at\u00e9 o pr\u00f3ximo dia 8 de maio e o tema \u00e9 \u201cDeixa a gripe na saudade, Vacine-se\u201d.<\/p>\n<p class=\"MsoNormal\">\u201cA vacina contra o v\u00edrus causador da gripe est\u00e1 dispon\u00edvel em mais de 400 postos de sa\u00fade, pontos de vacina\u00e7\u00e3o e unidades de sa\u00fade nos 52 munic\u00edpios do estado. Segundo dados do Minist\u00e9rio da Sa\u00fade, existem atualmente, em Rond\u00f4nia, 98.189 pessoas na faixa et\u00e1ria entre os 60 e 80 anos ou mais. Mas a expectativa \u00e9 vacinar 78.551, o que representa 80% do total\u201d explicou Milton Moreira, secret\u00e1rio de Estado da Sa\u00fade.<\/p>\n<p class=\"MsoNormal\">De acordo com a coordenadora do Programa Estadual de Imuniza\u00e7\u00e3o, a m\u00e9dica Elba Miranda, a cobertura da vacina\u00e7\u00e3o contra a gripe tem evolu\u00eddo anualmente. No inicio da campanha, em 1999, foram imunizadas 30 mil pessoas. Em 10 anos o n\u00famero de imunizados aumentou praticamente tr\u00eas vezes. \u201cEstamos trabalhando com perspectiva voltada para atender o maior n\u00famero de idosos, at\u00e9 mesmo superando a meta nacional. A expectativa de 80% de pessoas vacinadas tamb\u00e9m cresceu em 2008. At\u00e9 ent\u00e3o \u00e0 meta era de 70%\u201d.<\/p>\n<p class=\"MsoNormal\"><strong>Riscos da gripe<\/strong><\/p>\n<p class=\"MsoNormal\">A vacina\u00e7\u00e3o contra a gripe em pessoas idosas diminui em 90% dos casos o risco de contrair a doen\u00e7a. Ao contr\u00e1rio do que a maioria pensa, a gripe \u00e9 uma doen\u00e7a perigosa e pode at\u00e9 levar o paciente \u00e0 morte. No caso de pessoas com mais de 60 anos, o organismo \u00e9 mais vulner\u00e1vel \u00e0 gripe e aumenta os riscos de contrair a doen\u00e7a, por isso a necessidade de se tomar \u00e0 vacina anualmente.<\/p>\n<p class=\"MsoNormal\">O v\u00edrus influenza, que ataca o sistema respirat\u00f3rio, \u00e9 uma enfermidade contagiosa e transmitida de uma pessoa infectada para outra saud\u00e1vel por tosse, espirro ou durante uma conversa. A gripe pode apresentar desde quadros leves e de curta dura\u00e7\u00e3o at\u00e9 formas mais graves, que acometem em especial grupos de maior vulnerabilidade, como os idosos.<\/p>\n<p class=\"MsoNormal\"><strong>Fonte:<\/strong> Secretaria de Sa\u00fade<\/p>\n","protected":false},"excerpt":{"rendered":"<p>A Secretaria de Sa\u00fade informou que aproximadamente quatro mil pessoas com 60 anos ou mais j\u00e1 procuraram os postos de sa\u00fade e se preveniram da gripe atrav\u00e9s de vacina. Este n\u00famero representa 70% do p\u00fablico esperado na campanha deste ano. A meta do Governo do Estado \u00e9 imunizar aproximadamente 80 mil pessoas acima de 60 [&hellip;]<\/p>\n","protected":false},"author":3,"featured_media":0,"comment_status":"open","ping_status":"open","sticky":false,"template":"","format":"standard","meta":{"tdm_status":"","tdm_grid_status":"","footnotes":""},"categories":[22],"tags":[],"class_list":{"0":"post-1202","1":"post","2":"type-post","3":"status-publish","4":"format-standard","6":"category-brasil"},"_links":{"self":[{"href":"https:\/\/migracao.redenoticia.com.br\/noticia\/wp-json\/wp\/v2\/posts\/1202","targetHints":{"allow":["GET"]}}],"collection":[{"href":"https:\/\/migracao.redenoticia.com.br\/noticia\/wp-json\/wp\/v2\/posts"}],"about":[{"href":"https:\/\/migracao.redenoticia.com.br\/noticia\/wp-json\/wp\/v2\/types\/post"}],"author":[{"embeddable":true,"href":"https:\/\/migracao.redenoticia.com.br\/noticia\/wp-json\/wp\/v2\/users\/3"}],"replies":[{"embeddable":true,"href":"https:\/\/migracao.redenoticia.com.br\/noticia\/wp-json\/wp\/v2\/comments?post=1202"}],"version-history":[{"count":0,"href":"https:\/\/migracao.redenoticia.com.br\/noticia\/wp-json\/wp\/v2\/posts\/1202\/revisions"}],"wp:attachment":[{"href":"https:\/\/migracao.redenoticia.com.br\/noticia\/wp-json\/wp\/v2\/media?parent=1202"}],"wp:term":[{"taxonomy":"category","embeddable":true,"href":"https:\/\/migracao.redenoticia.com.br\/noticia\/wp-json\/wp\/v2\/categories?post=1202"},{"taxonomy":"post_tag","embeddable":true,"href":"https:\/\/migracao.redenoticia.com.br\/noticia\/wp-json\/wp\/v2\/tags?post=1202"}],"curies":[{"name":"wp","href":"https:\/\/api.w.org\/{rel}","templated":true}]}}