{"id":120206,"date":"2017-08-31T16:44:29","date_gmt":"2017-08-31T19:44:29","guid":{"rendered":"https:\/\/www.redenoticia.com.br\/noticia\/?p=120206"},"modified":"2017-09-01T21:33:22","modified_gmt":"2017-09-02T00:33:22","slug":"novela-belaventura-resumo-0109-lizabeta-acorda-e-merlino-pede-que-se-acalme","status":"publish","type":"post","link":"https:\/\/migracao.redenoticia.com.br\/noticia\/2017\/novela-belaventura-resumo-0109-lizabeta-acorda-e-merlino-pede-que-se-acalme\/120206","title":{"rendered":"Novela \u201cBelaventura\u201d resumo 01\/09: Jacques prop\u00f5e um nova disputa pelo trono"},"content":{"rendered":"<p> <strong><em><img loading=\"lazy\" decoding=\"async\" class=\"alignleft size-thumbnail wp-image-117590\" src=\"https:\/\/migracao.redenoticia.com.br\/noticia\/imagens\/belaventura_record_novela_resumo-150x112.jpg\" alt=\"\" width=\"150\" height=\"112\" srcset=\"https:\/\/migracao.redenoticia.com.br\/noticia\/imagens\/belaventura_record_novela_resumo-150x112.jpg 150w, https:\/\/migracao.redenoticia.com.br\/noticia\/imagens\/belaventura_record_novela_resumo-265x198.jpg 265w\" sizes=\"auto, (max-width: 150px) 100vw, 150px\" \/>Novela \u201cBelaventura\u201d resumo 01\/09<\/em><\/strong>: no capitulo 029 (*) da novela \u201cBelaventura\u201d, sexta-feira, 01 de setembro, Cedric diz a Otoniel que est\u00e1 tudo pronto para a execu\u00e7\u00e3o de Jacques e que ele deveria aproveitar a chance para punir pai e filho na mesma ocasi\u00e3o. Se fizer isto, acabar\u00e1 de uma vez por todas com uma disputa que j\u00e1 dura anos. Mistral diz ao rei que ele n\u00e3o pode fazer isso. <\/p>\n<p>Severo v\u00ea Jacques chegar todo machucado. Jacques diz que sua maior vit\u00f3ria ser\u00e1 salvar Lizabeta. Otoniel aproxima sua espada no pesco\u00e7o de Severo. Enrico e Jacques est\u00e3o tensos. Otoniel quer salvar logo sua filha. Pietra diz a Carmona que s\u00f3 est\u00e1 no castelo a pedido de Enrico. Carmona diz que Pietra s\u00f3 traz problemas. Pietra vai at\u00e9 o refeit\u00f3rio e diz que vai preparar uma receita que aprendeu com sua m\u00e3e para Lizabeta comer. Carmona diz para Nodier que Biniek ser\u00e1 muito \u00fatil para ela. Pietra diz para Solimara e Corinto que sua m\u00e3e sempre preparava uma canja de galinha com verduras sempre que estava adoentada. E por isto decidiu fazer o mesmo para Lizabeta. <\/p>\n<p>Otoniel e Enrico v\u00e3o at\u00e9 a masmorra e encaram Severo e Jacques. Otoniel pergunta quais s\u00e3o as condi\u00e7\u00f5es para salvar Lizabeta. Severo responde que sejam retiradas todas as acusa\u00e7\u00f5es contra sua fam\u00edlia. Jacques prop\u00f5e um nova disputa pelo trono, mas dessa vez os herdeiros quem duelar\u00e3o pela coroa.<\/p>\n<p>(*) edi\u00e7\u00e3o da Rede Record, Novela \u201cBelaventura\u201d, sujeito a altera\u00e7\u00e3o de data e conte\u00fado.<\/p>\n<p>\u201cBelaventura\u201d \u00e9 uma telenovela brasileira produzida pela RecordTV em parceria com a produtora Casablanca e exibida pela emissora a partir de 25 de julho de 2017 com previs\u00e3o de 150 cap\u00edtulos, substituindo a reprise de A Escrava Isaura. A trama \u00e9 a terceira exibida no hor\u00e1rio como novela das sete desde a reabertura da faixa para telenovelas, ocupada com telejornais at\u00e9 a estreia de Escrava M\u00e3e, em 2016. Foi a 28\u00aa novela exibida pela emissora desde a retomada da dramaturgia em 2004. Escrita por Gustavo Reiz com colabora\u00e7\u00e3o de Aline Garbati, Jussara Fazolo, Mariana Vielmond e Marco Borges, tendo dire\u00e7\u00e3o geral de Ivan Zettel e dire\u00e7\u00e3o art\u00edstica de Roberto Bomtempo. \u201cBelaventura\u201d foi a terceira telenovela brasileira gravada em resolu\u00e7\u00e3o 4K (UHDTV), formato superior ao HD usada nas produ\u00e7\u00f5es at\u00e9 ent\u00e3o, utilizando-se da mesma tecnologia dos filmes estadunidenses, sendo as duas anteriores tamb\u00e9m da RecordTV.<\/p>\n","protected":false},"excerpt":{"rendered":"<p>Novela \u201cBelaventura\u201d resumo 01\/09: no capitulo 029 (*) da novela \u201cBelaventura\u201d, sexta-feira, 01 de setembro, Cedric diz a Otoniel que est\u00e1 tudo pronto para a execu\u00e7\u00e3o de Jacques e que ele deveria aproveitar a chance para punir pai e filho na mesma ocasi\u00e3o. Se fizer isto, acabar\u00e1 de uma vez por todas com uma disputa [&hellip;]<\/p>\n","protected":false},"author":2,"featured_media":117590,"comment_status":"open","ping_status":"closed","sticky":false,"template":"","format":"standard","meta":{"tdm_status":"","tdm_grid_status":"","footnotes":""},"categories":[379,371,343],"tags":[441],"class_list":{"0":"post-120206","1":"post","2":"type-post","3":"status-publish","4":"format-standard","5":"has-post-thumbnail","7":"category-novelas","8":"category-rede-record","9":"category-televisao","10":"tag-resumo-do-dia"},"_links":{"self":[{"href":"https:\/\/migracao.redenoticia.com.br\/noticia\/wp-json\/wp\/v2\/posts\/120206","targetHints":{"allow":["GET"]}}],"collection":[{"href":"https:\/\/migracao.redenoticia.com.br\/noticia\/wp-json\/wp\/v2\/posts"}],"about":[{"href":"https:\/\/migracao.redenoticia.com.br\/noticia\/wp-json\/wp\/v2\/types\/post"}],"author":[{"embeddable":true,"href":"https:\/\/migracao.redenoticia.com.br\/noticia\/wp-json\/wp\/v2\/users\/2"}],"replies":[{"embeddable":true,"href":"https:\/\/migracao.redenoticia.com.br\/noticia\/wp-json\/wp\/v2\/comments?post=120206"}],"version-history":[{"count":0,"href":"https:\/\/migracao.redenoticia.com.br\/noticia\/wp-json\/wp\/v2\/posts\/120206\/revisions"}],"wp:featuredmedia":[{"embeddable":true,"href":"https:\/\/migracao.redenoticia.com.br\/noticia\/wp-json\/wp\/v2\/media\/117590"}],"wp:attachment":[{"href":"https:\/\/migracao.redenoticia.com.br\/noticia\/wp-json\/wp\/v2\/media?parent=120206"}],"wp:term":[{"taxonomy":"category","embeddable":true,"href":"https:\/\/migracao.redenoticia.com.br\/noticia\/wp-json\/wp\/v2\/categories?post=120206"},{"taxonomy":"post_tag","embeddable":true,"href":"https:\/\/migracao.redenoticia.com.br\/noticia\/wp-json\/wp\/v2\/tags?post=120206"}],"curies":[{"name":"wp","href":"https:\/\/api.w.org\/{rel}","templated":true}]}}