{"id":120208,"date":"2017-08-31T16:45:20","date_gmt":"2017-08-31T19:45:20","guid":{"rendered":"https:\/\/www.redenoticia.com.br\/noticia\/?p=120208"},"modified":"2017-09-01T21:47:09","modified_gmt":"2017-09-02T00:47:09","slug":"novela-o-rico-e-lazaro-resumo-0109-zac-ameaca-joana","status":"publish","type":"post","link":"https:\/\/migracao.redenoticia.com.br\/noticia\/2017\/novela-o-rico-e-lazaro-resumo-0109-zac-ameaca-joana\/120208","title":{"rendered":"Novela \u201cO Rico e L\u00e1zaro\u201d resumo 01\/09: Joana avisa que se casar\u00e1 com Zac"},"content":{"rendered":"<p> <img loading=\"lazy\" decoding=\"async\" class=\"alignleft size-thumbnail wp-image-107948\" src=\"https:\/\/migracao.redenoticia.com.br\/noticia\/imagens\/o_rico_e_o_lazaro_resumo_novela_record-150x112.jpg\" alt=\"\" width=\"150\" height=\"112\" srcset=\"https:\/\/migracao.redenoticia.com.br\/noticia\/imagens\/o_rico_e_o_lazaro_resumo_novela_record-150x112.jpg 150w, https:\/\/migracao.redenoticia.com.br\/noticia\/imagens\/o_rico_e_o_lazaro_resumo_novela_record-265x198.jpg 265w\" sizes=\"auto, (max-width: 150px) 100vw, 150px\" \/><strong><em>Novela \u201cO Rico e L\u00e1zaro\u201d resumo 01\/09<\/em><\/strong>: no capitulo 125(*) da novela \u201cO Rico e L\u00e1zaro\u201d, sexta-feira, 01 de setembro, Asher pede para Lior avisar \u00e0 Joana que ele est\u00e1 vivo. Joana procura Malca e avisa que foi pedida em casamento por Zac. Absalom se abre com Zelfa e diz amar Dana. Ravina concede a m\u00e3o da mo\u00e7a a Levi. Malca diz que aceitaria tudo para viver bem com Zac. Joana pede para falar com Matias. Zac chega na casa de Ravina. <\/p>\n<p>Zabaia fica impressionado com a mudan\u00e7a de Asher. Joana avisa aos familiares que se casar\u00e1 com Zac. Todos s\u00e3o interrompidos com a chegada de Lior. Zac fica tenso. O rapaz se surpreende ao saber que Joana ficou noiva de Zac. Zac fica aliviado ao ver Lior indo embora. <\/p>\n<p>Belsazar prop\u00f5e uma luta contra Davi, filho de Daniel. Nabucodonosor conversa amigavelmente com os netos. Nit\u00f3cris trata Nabonido com grosseria. Elga afirma que se casar\u00e1 com Fassur. O sacerdote tenta se divertir com uma prostituta. Matias pede perd\u00e3o \u00e0 Gadise. Asher descobre que Joana est\u00e1 noiva de Zac. Malca diz aceitar que Joana se torne segunda esposa de Zac.<\/p>\n<p>(*) edi\u00e7\u00e3o da Rede Record, Novela \u201cO Rico e L\u00e1zaro\u201d, sujeito a altera\u00e7\u00e3o de data e conte\u00fado.<\/p>\n","protected":false},"excerpt":{"rendered":"<p>Novela \u201cO Rico e L\u00e1zaro\u201d resumo 01\/09: no capitulo 125(*) da novela \u201cO Rico e L\u00e1zaro\u201d, sexta-feira, 01 de setembro, Asher pede para Lior avisar \u00e0 Joana que ele est\u00e1 vivo. Joana procura Malca e avisa que foi pedida em casamento por Zac. Absalom se abre com Zelfa e diz amar Dana. Ravina concede a [&hellip;]<\/p>\n","protected":false},"author":2,"featured_media":107948,"comment_status":"open","ping_status":"closed","sticky":false,"template":"","format":"standard","meta":{"tdm_status":"","tdm_grid_status":"","footnotes":""},"categories":[379,371,343],"tags":[441],"class_list":{"0":"post-120208","1":"post","2":"type-post","3":"status-publish","4":"format-standard","5":"has-post-thumbnail","7":"category-novelas","8":"category-rede-record","9":"category-televisao","10":"tag-resumo-do-dia"},"_links":{"self":[{"href":"https:\/\/migracao.redenoticia.com.br\/noticia\/wp-json\/wp\/v2\/posts\/120208","targetHints":{"allow":["GET"]}}],"collection":[{"href":"https:\/\/migracao.redenoticia.com.br\/noticia\/wp-json\/wp\/v2\/posts"}],"about":[{"href":"https:\/\/migracao.redenoticia.com.br\/noticia\/wp-json\/wp\/v2\/types\/post"}],"author":[{"embeddable":true,"href":"https:\/\/migracao.redenoticia.com.br\/noticia\/wp-json\/wp\/v2\/users\/2"}],"replies":[{"embeddable":true,"href":"https:\/\/migracao.redenoticia.com.br\/noticia\/wp-json\/wp\/v2\/comments?post=120208"}],"version-history":[{"count":0,"href":"https:\/\/migracao.redenoticia.com.br\/noticia\/wp-json\/wp\/v2\/posts\/120208\/revisions"}],"wp:featuredmedia":[{"embeddable":true,"href":"https:\/\/migracao.redenoticia.com.br\/noticia\/wp-json\/wp\/v2\/media\/107948"}],"wp:attachment":[{"href":"https:\/\/migracao.redenoticia.com.br\/noticia\/wp-json\/wp\/v2\/media?parent=120208"}],"wp:term":[{"taxonomy":"category","embeddable":true,"href":"https:\/\/migracao.redenoticia.com.br\/noticia\/wp-json\/wp\/v2\/categories?post=120208"},{"taxonomy":"post_tag","embeddable":true,"href":"https:\/\/migracao.redenoticia.com.br\/noticia\/wp-json\/wp\/v2\/tags?post=120208"}],"curies":[{"name":"wp","href":"https:\/\/api.w.org\/{rel}","templated":true}]}}