{"id":120225,"date":"2017-08-31T16:30:14","date_gmt":"2017-08-31T19:30:14","guid":{"rendered":"https:\/\/www.redenoticia.com.br\/noticia\/?p=120225"},"modified":"2017-08-31T16:00:25","modified_gmt":"2017-08-31T19:00:25","slug":"resumo-novela-no-limite-da-paixao-0109-frida-tenta-matar-fernandinho","status":"publish","type":"post","link":"https:\/\/migracao.redenoticia.com.br\/noticia\/2017\/resumo-novela-no-limite-da-paixao-0109-frida-tenta-matar-fernandinho\/120225","title":{"rendered":"Resumo novela \u201cNo Limite da Paix\u00e3o\u201d 01\/09: Frida tenta matar Fernandinho"},"content":{"rendered":"<p><img loading=\"lazy\" decoding=\"async\" class=\"alignleft size-thumbnail wp-image-113483\" src=\"https:\/\/migracao.redenoticia.com.br\/noticia\/imagens\/no-limite-da-paixao-novela-sbt-resumo-150x112.jpg\" alt=\"\" width=\"150\" height=\"112\" srcset=\"https:\/\/migracao.redenoticia.com.br\/noticia\/imagens\/no-limite-da-paixao-novela-sbt-resumo-150x112.jpg 150w, https:\/\/migracao.redenoticia.com.br\/noticia\/imagens\/no-limite-da-paixao-novela-sbt-resumo-265x198.jpg 265w\" sizes=\"auto, (max-width: 150px) 100vw, 150px\" \/><strong><em>Resumo novela \u201cNo Limite da Paix\u00e3o\u201d 01\/09<\/em><\/strong>: no cap\u00edtulo 075(*) da novela \u201cNo Limite da Paix\u00e3o\u201d, resumo de sexta-feira, 01 de setembro, C\u00e9lia previne Vicente contra Maciel e pede que ele tome cuidado, pois \u00e9 muito trai\u00e7oeiro. Padre Jesus conversa com algumas crian\u00e7as. Jo\u00e3o Manuel rasga a camisa de um deles e coloca a culpa em Fernandinho. Ot\u00e1vio e Ana Cristina chegam \u00e0 cabana e Fernandinho pergunta o que eles est\u00e3o fazendo ali. Dona Josefa diz ao Maciel que o incluiu em seu testamento com algo muito valioso. Louren\u00e7o bate com o carro em Jos\u00e9 Alfredo. Maria Madalena o insulta e agride. Fernandinho diz a Ana Cristina que ela \u00e9 muito bonita. Louren\u00e7o pede desculpas a Jos\u00e9 Alfredo e Maria Madalena pelo acidente e diz que o seguro cobrir\u00e1 todas as despesas m\u00e9dicas. Frida tenta ganhar tempo, diz que est\u00e1 mal dos nervos e se sente pior quando pressionada. Por isso pede a Ros\u00e1lia que lhe d\u00ea um prazo maior para contar a verdade a Ana Cristina sobre seu filho. Fernandinho e Ot\u00e1vio convidam Jo\u00e3o Manuel para passar o dia na mans\u00e3o dos Vila Real.  Frida pergunta a Fernandinho se ele \u00e9 filho de Ana Cristina. Jo\u00e3o Manuel responde que sim, mas diz que ela \u00e9 mais bonita que sua m\u00e3e. Maciel d\u00e1 uma caminhonete de presente para Jos\u00e9 Alfredo. Ana Cristina vai at\u00e9 a mans\u00e3o para buscar o filho. Frida diz a ela que Jo\u00e3o Manuel ser\u00e1 sempre bem-vindo \u00e0 sua casa, desde que ela n\u00e3o apare\u00e7a para busc\u00e1-lo. Ot\u00e1vio pergunta se Frida lhe daria o div\u00f3rcio e a guarda do menino caso ele lhe desse toda sua fortuna. Taxativa, ela responde que nunca lhe dar\u00e1 o div\u00f3rcio e ele ter\u00e1 que viver com ela pelo resto da vida se quiser estar perto de seu filho. Ana Cristina diz ao Jo\u00e3o Manuel que o ama muito e que sempre lutar\u00e1 por ele. Frida sobe na roda gigante com Fernandinho e, ao chegar l\u00e1 em cima, pensa que a melhor maneira de atingir Ana Cristina ser\u00e1 matando seu filho. Fernandinho inclina o corpo e olha para baixo enquanto Frida coloca as m\u00e3os em suas costas com a inten\u00e7\u00e3o de empurr\u00e1-lo.<\/p>\n<p>(*) edi\u00e7\u00e3o do SBT, Novela \u201cNo Limite da Paix\u00e3o\u201d, sujeito a altera\u00e7\u00e3o de data e conte\u00fado.<\/p>\n<p>\u201cNo Limite da Paix\u00e3o\u201d \u00e9 uma telenovela mexicana produzida por Salvador Mej\u00eda Alejandre para a Televisa e exibida pelo Canal de las Estrellas entre 11 de fevereiro e 2 de agosto de 2002. A trama \u00e9 baseada em Cadena de odio, uma radionovela de Hilda Morales Allois. Foi adaptada livremente por Liliana Abud, dire\u00e7\u00e3o de Miguel C\u00f3rcega e produ\u00e7\u00e3o executiva de Nathalie Lartilleux. A trama \u00e9 protagonizada por Susana Gonz\u00e1lez e C\u00e9sar \u00c9vora e antagonizada por Sabine Moussier e Alberto Estrella.<\/p>\n<p>Sinopse: Ana Cristina e Ot\u00e1vio ter\u00e3o que ultrapassar as barreiras das mentiras e enfrentar o sentimento que os condena. Rodeados das m\u00e1s inten\u00e7\u00f5es de seus inimigos, e os problemas que ter\u00e3o um a um at\u00e9 chegar a sua meta: estar juntos sem importar o passado. Ana Cristina \u00e9 uma jovem charmosa e de car\u00e1ter forte, \u00e9 a protegida de seu av\u00f4, Fernando Villareal. Quando Fernando fica doente, seu sobrinho Ot\u00e1vio Villareal, um homem cheio de rancor porque seu tio impediu seu casamento com sua amada Frida, viaja para v\u00ea-lo. Fernando morre, deixando em seu testamento a f\u00e1brica de sapatos para Ot\u00e1vio e Ana Cristina: eles s\u00e3o sua \u00fanica fam\u00edlia, mas como condi\u00e7\u00e3o devem se casar e viver juntos um ano antes de decidir o que fazer com a empresa. Maciel, o capataz das terras Villareal, come\u00e7a a caluniar a inofensiva Ana Cristina e convence Ot\u00e1vio para que busque Frida. Sem imaginar, com a conviv\u00eancia cresce um amor profundo entre os dois: ambos s\u00e3o v\u00edtimas de um grande \u00f3dio por parte de Maciel e Frida, ex-prometida de Ot\u00e1vio, que fazem at\u00e9 o imposs\u00edvel para separar os dois. Ot\u00e1vio dever\u00e1 decidir entre o filho que espera agora sua amada esposa Ana Cristina, e o filho de sua amante Frida que, na verdade, n\u00e3o \u00e9 seu. Mas a chegada de Martha, uma mulher misteriosa e obscura vai mudar completamente e vida de Ana Cristina e Ot\u00e1vio. Ela far\u00e1 de tudo para defender Ana Cristina nem que para isso precise revelar um grande segredo que guarda.<\/p>\n","protected":false},"excerpt":{"rendered":"<p>Resumo novela \u201cNo Limite da Paix\u00e3o\u201d 01\/09: no cap\u00edtulo 075(*) da novela \u201cNo Limite da Paix\u00e3o\u201d, resumo de sexta-feira, 01 de setembro, C\u00e9lia previne Vicente contra Maciel e pede que ele tome cuidado, pois \u00e9 muito trai\u00e7oeiro. Padre Jesus conversa com algumas crian\u00e7as. Jo\u00e3o Manuel rasga a camisa de um deles e coloca a culpa [&hellip;]<\/p>\n","protected":false},"author":4,"featured_media":113483,"comment_status":"open","ping_status":"closed","sticky":false,"template":"","format":"standard","meta":{"tdm_status":"","tdm_grid_status":"","footnotes":""},"categories":[379,372,343],"tags":[441],"class_list":{"0":"post-120225","1":"post","2":"type-post","3":"status-publish","4":"format-standard","5":"has-post-thumbnail","7":"category-novelas","8":"category-sbt","9":"category-televisao","10":"tag-resumo-do-dia"},"_links":{"self":[{"href":"https:\/\/migracao.redenoticia.com.br\/noticia\/wp-json\/wp\/v2\/posts\/120225","targetHints":{"allow":["GET"]}}],"collection":[{"href":"https:\/\/migracao.redenoticia.com.br\/noticia\/wp-json\/wp\/v2\/posts"}],"about":[{"href":"https:\/\/migracao.redenoticia.com.br\/noticia\/wp-json\/wp\/v2\/types\/post"}],"author":[{"embeddable":true,"href":"https:\/\/migracao.redenoticia.com.br\/noticia\/wp-json\/wp\/v2\/users\/4"}],"replies":[{"embeddable":true,"href":"https:\/\/migracao.redenoticia.com.br\/noticia\/wp-json\/wp\/v2\/comments?post=120225"}],"version-history":[{"count":0,"href":"https:\/\/migracao.redenoticia.com.br\/noticia\/wp-json\/wp\/v2\/posts\/120225\/revisions"}],"wp:featuredmedia":[{"embeddable":true,"href":"https:\/\/migracao.redenoticia.com.br\/noticia\/wp-json\/wp\/v2\/media\/113483"}],"wp:attachment":[{"href":"https:\/\/migracao.redenoticia.com.br\/noticia\/wp-json\/wp\/v2\/media?parent=120225"}],"wp:term":[{"taxonomy":"category","embeddable":true,"href":"https:\/\/migracao.redenoticia.com.br\/noticia\/wp-json\/wp\/v2\/categories?post=120225"},{"taxonomy":"post_tag","embeddable":true,"href":"https:\/\/migracao.redenoticia.com.br\/noticia\/wp-json\/wp\/v2\/tags?post=120225"}],"curies":[{"name":"wp","href":"https:\/\/api.w.org\/{rel}","templated":true}]}}