{"id":120232,"date":"2017-08-31T16:33:46","date_gmt":"2017-08-31T19:33:46","guid":{"rendered":"https:\/\/www.redenoticia.com.br\/noticia\/?p=120232"},"modified":"2017-08-31T16:05:59","modified_gmt":"2017-08-31T19:05:59","slug":"resumo-novela-carinha-de-anjo-0109-cecilia-aceita-ser-madrinha-de-estefania","status":"publish","type":"post","link":"https:\/\/migracao.redenoticia.com.br\/noticia\/2017\/resumo-novela-carinha-de-anjo-0109-cecilia-aceita-ser-madrinha-de-estefania\/120232","title":{"rendered":"Resumo novela \u201cCarinha de Anjo\u201d 01\/09: Cec\u00edlia aceita ser madrinha de Estef\u00e2nia"},"content":{"rendered":"<p><img loading=\"lazy\" decoding=\"async\" class=\"alignleft size-thumbnail wp-image-99331\" src=\"https:\/\/migracao.redenoticia.com.br\/noticia\/imagens\/carinha_de_anjo_sbt_novela_resumo_capitulo-150x112.jpg\" alt=\"carinha_de_anjo_sbt_novela_resumo_capitulo\" width=\"150\" height=\"112\" srcset=\"https:\/\/migracao.redenoticia.com.br\/noticia\/imagens\/carinha_de_anjo_sbt_novela_resumo_capitulo-150x112.jpg 150w, https:\/\/migracao.redenoticia.com.br\/noticia\/imagens\/carinha_de_anjo_sbt_novela_resumo_capitulo-265x198.jpg 265w\" sizes=\"auto, (max-width: 150px) 100vw, 150px\" \/><strong><em>Resumo novela \u201cCarinha de Anjo\u201d 01\/09<\/em><\/strong>: no cap\u00edtulo 205(*) da novela \u201cCarinha de Anjo\u201d, resumo de sexta-feira, 01 de setembro, L\u00facia e Valentina v\u00e3o at\u00e9 a casa de Dulce Maria. A carinha de anjo j\u00e1 estava com os amigos Em\u00edlio, Z\u00e9 Felipe e Miguel. Luciano descobre que Juju e Zeca brigaram e fica feliz. Rosana tenta acalmar Juju. Estef\u00e2nia visita Cec\u00edlia e pede para que ela seja sua madrinha de casamento. Dulce Maria decide vender algumas roupas antigas suas para conseguir dinheiro para ajudar os amigos. Cec\u00edlia aceita o pedido e descobre que o par dela ser\u00e1 Gustavo. Mais tarde, Gustavo fica feliz ao saber que Cec\u00edlia ser\u00e1 seu par como madrinha no casamento. Rosana chega para o jantar na delegacia com Peixoto e fica surpresa com os detalhes de rosas vermelhas. Os dois fazem as pazes e reatam o relacionamento.<\/p>\n<p>(*) edi\u00e7\u00e3o do SBT, Novela \u201cCarinha de Anjo\u201d, sujeito a altera\u00e7\u00e3o de data e conte\u00fado.<\/p>\n<p>Carinha de Anjo \u00e9 uma telenovela brasileira produzida e exibida originalmente pelo SBT desde o dia 21 de novembro de 2016, substituindo o hor\u00e1rio anteriormente ocupado por C\u00famplices de um Resgate. A telenovela \u00e9 inspirada na mexicana Carita de \u00e1ngel, que, por sua vez, \u00e9 um remake de Mundo de juguete, ambas produzidas pela Televisa e que haviam sido baseadas na trama argentina escrita por Abel Santa Cruz, Pap\u00e1 coraz\u00f3n. Esta ser\u00e1 a segunda adapta\u00e7\u00e3o brasileira da obra original argentina, visto que a Rede Tupi apresentou em 1976 a sua primeira vers\u00e3o, chamada de Papai Cora\u00e7\u00e3o. A nova vers\u00e3o \u00e9 escrita por Leonor Corr\u00eaa, com supervis\u00e3o de \u00cdris Abravanel e dire\u00e7\u00e3o geral de Ricardo Mantoanelli. A trama conta com Lorena Queiroz, Bia Arantes, Carlo Porto, Priscila Sol, Dani Gondim, Karin Hils, Eliana Guttman e Lucero nos pap\u00e9is principais.<\/p>\n","protected":false},"excerpt":{"rendered":"<p>Resumo novela \u201cCarinha de Anjo\u201d 01\/09: no cap\u00edtulo 205(*) da novela \u201cCarinha de Anjo\u201d, resumo de sexta-feira, 01 de setembro, L\u00facia e Valentina v\u00e3o at\u00e9 a casa de Dulce Maria. A carinha de anjo j\u00e1 estava com os amigos Em\u00edlio, Z\u00e9 Felipe e Miguel. Luciano descobre que Juju e Zeca brigaram e fica feliz. Rosana [&hellip;]<\/p>\n","protected":false},"author":4,"featured_media":99331,"comment_status":"open","ping_status":"closed","sticky":false,"template":"","format":"standard","meta":{"tdm_status":"","tdm_grid_status":"","footnotes":""},"categories":[452,379,372,343],"tags":[441],"class_list":{"0":"post-120232","1":"post","2":"type-post","3":"status-publish","4":"format-standard","5":"has-post-thumbnail","7":"category-carinha-de-anjo","8":"category-novelas","9":"category-sbt","10":"category-televisao","11":"tag-resumo-do-dia"},"_links":{"self":[{"href":"https:\/\/migracao.redenoticia.com.br\/noticia\/wp-json\/wp\/v2\/posts\/120232","targetHints":{"allow":["GET"]}}],"collection":[{"href":"https:\/\/migracao.redenoticia.com.br\/noticia\/wp-json\/wp\/v2\/posts"}],"about":[{"href":"https:\/\/migracao.redenoticia.com.br\/noticia\/wp-json\/wp\/v2\/types\/post"}],"author":[{"embeddable":true,"href":"https:\/\/migracao.redenoticia.com.br\/noticia\/wp-json\/wp\/v2\/users\/4"}],"replies":[{"embeddable":true,"href":"https:\/\/migracao.redenoticia.com.br\/noticia\/wp-json\/wp\/v2\/comments?post=120232"}],"version-history":[{"count":0,"href":"https:\/\/migracao.redenoticia.com.br\/noticia\/wp-json\/wp\/v2\/posts\/120232\/revisions"}],"wp:featuredmedia":[{"embeddable":true,"href":"https:\/\/migracao.redenoticia.com.br\/noticia\/wp-json\/wp\/v2\/media\/99331"}],"wp:attachment":[{"href":"https:\/\/migracao.redenoticia.com.br\/noticia\/wp-json\/wp\/v2\/media?parent=120232"}],"wp:term":[{"taxonomy":"category","embeddable":true,"href":"https:\/\/migracao.redenoticia.com.br\/noticia\/wp-json\/wp\/v2\/categories?post=120232"},{"taxonomy":"post_tag","embeddable":true,"href":"https:\/\/migracao.redenoticia.com.br\/noticia\/wp-json\/wp\/v2\/tags?post=120232"}],"curies":[{"name":"wp","href":"https:\/\/api.w.org\/{rel}","templated":true}]}}