{"id":120234,"date":"2017-08-31T16:34:11","date_gmt":"2017-08-31T19:34:11","guid":{"rendered":"https:\/\/www.redenoticia.com.br\/noticia\/?p=120234"},"modified":"2017-08-31T16:07:56","modified_gmt":"2017-08-31T19:07:56","slug":"resumo-novela-chiquititas-0109-carmem-quer-se-livrar-de-mili","status":"publish","type":"post","link":"https:\/\/migracao.redenoticia.com.br\/noticia\/2017\/resumo-novela-chiquititas-0109-carmem-quer-se-livrar-de-mili\/120234","title":{"rendered":"Resumo novela \u201cChiquititas\u201d 01\/09: Carmem quer se livrar de Mili"},"content":{"rendered":"<p><img loading=\"lazy\" decoding=\"async\" class=\"alignleft size-thumbnail wp-image-49690\" src=\"https:\/\/migracao.redenoticia.com.br\/noticia\/imagens\/chiquititas1-150x112.jpg\" alt=\"chiquititas\" width=\"150\" height=\"112\" \/><strong><em>Resumo novela \u201cChiquititas\u201d 01\/09<\/em><\/strong>: no cap\u00edtulo 254(*) da novela \u201cChiquititas\u201d, resumo de sexta-feira, 01 de setembro, Armando leva Beto at\u00e9 o presidente do Caf\u00e9 Boutique, Junior, diz que o gar\u00e7om possui v\u00e1rios pontos negativos e que precisa ser mandado embora. Junior responde que pela postura de ressaltar os defeitos de Beto, Armando possui algum problema pessoal com ele. Junior diz que est\u00e1 pensando num jeito para n\u00e3o precisar mandar nenhum funcion\u00e1rio embora. No orfanato, Matilde fica de olho em Samuca, que est\u00e1 fingindo ser mulher com nome de Sami. O foco \u00e9 saber se Ernestina, que na verdade \u00e9 Matilde, tem ci\u00fame de Chico. Na pra\u00e7a, Bruno (Bruno Autran)consegue se aproximar da filha, Dani. Ele diz que s\u00f3 quer o bem dela e a pequena aceita pelo menos tentar ser amiga dele. JP diz que gosta do olhar de Mili e a chiquitita diz o mesmo. Matilde desmascara Samuca e Chico ao servir comida apimentada para eles. Bia vai at\u00e9 a mans\u00e3o dos Almeida Campos relatar suas anota\u00e7\u00f5es, por\u00e9m, Carmen diz que nada que ela disse \u00e9 relevante. A megera afirma que Bia precisa anotar coisas importantes sobre Carol para poder receber presentes. No orfanato, Dani diz para Carol que gostou do passeio no parque. Cris e Vivi se inscrevem no concurso \u201cGarota Carisma\u201d. Elas discutem pra saber quem ir\u00e1 vencer. Matilde, que finge ser Ernestina, diz para Chico que entre eles n\u00e3o rola nada. Mili conta para Pata que JP se declarou para ela e que est\u00e1 sendo muito rom\u00e2ntico. Carmen tem um pesadelo em que Mili descobriu sobre o falso testamento e a expulsou da Mans\u00e3o dos Almeida Campos. Ao acordar, Carmen diz que precisa se livrar de Mili de uma vez por todas. Carmen vai ao orfanato e finge compaix\u00e3o. A vil\u00e3 fala com Mili e lhe oferece bolsa de estudos na Europa ou nos Estados Unidos. Mili diz que vai pensar. Beto tem uma ideia de fazer um v\u00eddeo viral na internet para ajudar a trazer de volta os clientes do caf\u00e9 Boutique.<\/p>\n<p>(*) edi\u00e7\u00e3o do SBT, Novela \u201cChiquititas\u201d, sujeito a altera\u00e7\u00e3o de data e conte\u00fado.<\/p>\n<p>Chiquititas gira em torno do orfanato Raio de Luz, que carrega em sua hist\u00f3ria um grande segredo envolvendo a fam\u00edlia e o dono do orfanato, Dr. Jos\u00e9 Ricardo Almeida Campos. Em um per\u00edodo anterior \u00e0 novela, exatos treze anos, sua filha Gabriela se apaixonou e ficou gr\u00e1vida de Miguel, filho de Valentina, empregada da casa dos Almeida Campos. Pouco depois, Jos\u00e9 Ricardo sequestrou sua neta, pois, como um homem conservador, ele n\u00e3o aceitava a ideia de que sua filha se envolvesse com um empregado. Como sua neta, Milena, apelidada como Mili, precisava de um lugar para morar, ele comprou um casar\u00e3o e fundou um orfanato, o Raio de Luz. Mili cresceu l\u00e1 com outras garotas que chegaram posteriormente: Bia, Ana, as irm\u00e3s Tati e Vivi, e Cris. Ao decorrer dos anos, elas se tornam uma fam\u00edlia. Elas s\u00e3o supervisionadas por Ernestina, zeladora do orfanato, e Chico, o cozinheiro amado pelas internas. Sofia, ex-governanta da fam\u00edlia Almeida Campos, \u00e9 a diretora do lugar, at\u00e9 que Carmem, irm\u00e3 de Jos\u00e9 Ricardo, entre em seu lugar. Chegam ainda mais \u00f3rf\u00e3os: Pata, Mosca, Binho e Rafa, que viviam nas ruas antes de entrarem na institui\u00e7\u00e3o. Pata e Mili tornam-se amigas rapidamente, enquanto Mosca, Binho e Rafa s\u00e3o os primeiros garotos a entrar no abrigo. As crian\u00e7as sem-teto foram ajudadas por uma doce e bela garota que tocam e mudam a vida delas, assim como as das garotas \u00f3rf\u00e3s.<\/p>\n","protected":false},"excerpt":{"rendered":"<p>Resumo novela \u201cChiquititas\u201d 01\/09: no cap\u00edtulo 254(*) da novela \u201cChiquititas\u201d, resumo de sexta-feira, 01 de setembro, Armando leva Beto at\u00e9 o presidente do Caf\u00e9 Boutique, Junior, diz que o gar\u00e7om possui v\u00e1rios pontos negativos e que precisa ser mandado embora. Junior responde que pela postura de ressaltar os defeitos de Beto, Armando possui algum problema [&hellip;]<\/p>\n","protected":false},"author":4,"featured_media":49690,"comment_status":"open","ping_status":"closed","sticky":false,"template":"","format":"standard","meta":{"tdm_status":"","tdm_grid_status":"","footnotes":""},"categories":[409,379,372,343],"tags":[441],"class_list":{"0":"post-120234","1":"post","2":"type-post","3":"status-publish","4":"format-standard","5":"has-post-thumbnail","7":"category-chiquititas","8":"category-novelas","9":"category-sbt","10":"category-televisao","11":"tag-resumo-do-dia"},"_links":{"self":[{"href":"https:\/\/migracao.redenoticia.com.br\/noticia\/wp-json\/wp\/v2\/posts\/120234","targetHints":{"allow":["GET"]}}],"collection":[{"href":"https:\/\/migracao.redenoticia.com.br\/noticia\/wp-json\/wp\/v2\/posts"}],"about":[{"href":"https:\/\/migracao.redenoticia.com.br\/noticia\/wp-json\/wp\/v2\/types\/post"}],"author":[{"embeddable":true,"href":"https:\/\/migracao.redenoticia.com.br\/noticia\/wp-json\/wp\/v2\/users\/4"}],"replies":[{"embeddable":true,"href":"https:\/\/migracao.redenoticia.com.br\/noticia\/wp-json\/wp\/v2\/comments?post=120234"}],"version-history":[{"count":0,"href":"https:\/\/migracao.redenoticia.com.br\/noticia\/wp-json\/wp\/v2\/posts\/120234\/revisions"}],"wp:featuredmedia":[{"embeddable":true,"href":"https:\/\/migracao.redenoticia.com.br\/noticia\/wp-json\/wp\/v2\/media\/49690"}],"wp:attachment":[{"href":"https:\/\/migracao.redenoticia.com.br\/noticia\/wp-json\/wp\/v2\/media?parent=120234"}],"wp:term":[{"taxonomy":"category","embeddable":true,"href":"https:\/\/migracao.redenoticia.com.br\/noticia\/wp-json\/wp\/v2\/categories?post=120234"},{"taxonomy":"post_tag","embeddable":true,"href":"https:\/\/migracao.redenoticia.com.br\/noticia\/wp-json\/wp\/v2\/tags?post=120234"}],"curies":[{"name":"wp","href":"https:\/\/api.w.org\/{rel}","templated":true}]}}