{"id":120241,"date":"2017-08-31T16:37:34","date_gmt":"2017-08-31T19:37:34","guid":{"rendered":"https:\/\/www.redenoticia.com.br\/noticia\/?p=120241"},"modified":"2017-08-31T16:13:25","modified_gmt":"2017-08-31T19:13:25","slug":"resumo-novela-novo-mundo-0109-anna-da-a-fred-as-coordenadas-para-o-galeao","status":"publish","type":"post","link":"https:\/\/migracao.redenoticia.com.br\/noticia\/2017\/resumo-novela-novo-mundo-0109-anna-da-a-fred-as-coordenadas-para-o-galeao\/120241","title":{"rendered":"Resumo novela \u201cNovo Mundo\u201d 01\/09: Anna d\u00e1 a Fred as coordenadas para o gale\u00e3o"},"content":{"rendered":"<p><img loading=\"lazy\" decoding=\"async\" class=\"alignleft size-thumbnail wp-image-107950\" src=\"https:\/\/migracao.redenoticia.com.br\/noticia\/imagens\/novo_mundo_novela_resumo_globo-150x112.jpg\" alt=\"\" width=\"150\" height=\"112\" srcset=\"https:\/\/migracao.redenoticia.com.br\/noticia\/imagens\/novo_mundo_novela_resumo_globo-150x112.jpg 150w, https:\/\/migracao.redenoticia.com.br\/noticia\/imagens\/novo_mundo_novela_resumo_globo-265x198.jpg 265w\" sizes=\"auto, (max-width: 150px) 100vw, 150px\" \/><strong><em>Resumo novela \u201cNovo Mundo\u201d 01\/09<\/em><\/strong>: no cap\u00edtulo 140(*) da novela \u201cNovo Mundo\u201d, resumo de sexta-feira, 01 de setembro, Leopoldina agradece a confian\u00e7a de Dom Pedro. Thomas jura vingan\u00e7a contra seus inimigos. Idalina e Diara rezam por Wolfgang, que acorda melhor. Piat\u00e3 revela sua origem a Ubirajara. Dom Pedro e Chala\u00e7a saem em comitiva em busca do apoio das prov\u00edncias de S\u00e3o Paulo. Leopoldina e Bonif\u00e1cio anseiam pela Independ\u00eancia do Brasil. Hugo conta para Licurgo que Germana tentou seduzi-lo. Greta intriga Schultz contra Diara. Idalina alerta Diara sobre Greta. Tibiri\u00e7\u00e1 conta a hist\u00f3ria de seu passado a Ubirajara. Leopoldina e Bonif\u00e1cio cobram de Sebasti\u00e3o os impostos devidos. Dom Pedro e Chala\u00e7a conversam sobre Domitila. Thomas vai ao encontro de Sebasti\u00e3o. Germana e Licurgo s\u00e3o roubados pelos piratas. Anna d\u00e1 a Fred as coordenadas para o gale\u00e3o espanhol.<\/p>\n<p>(*) edi\u00e7\u00e3o da Rede Globo, Novela \u201cNovo Mundo\u201d, sujeito a altera\u00e7\u00e3o de data e conte\u00fado.<\/p>\n<p>Novo Mundo \u00e9 uma telenovela brasileira produzida pela Rede Globo. Escrita por Thereza Falc\u00e3o e Alessandro Marson, conta com dire\u00e7\u00e3o art\u00edstica de Vin\u00edcius Coimbra. Conta com as participa\u00e7\u00f5es de Isabelle Drummond, Chay Suede, Caio Castro, Let\u00edcia Colin, Leo Jaime, D\u00e9bora Olivieri, Rodrigo Simas, Giullia Buscacio, Vivianne Pasmanter, Guilherme Piva, R\u00f4mulo Estrela, Agatha Moreira, Luisa Micheletti, Gabriel Braga Nunes, e Ingrid Guimar\u00e3es.<\/p>\n","protected":false},"excerpt":{"rendered":"<p>Resumo novela \u201cNovo Mundo\u201d 01\/09: no cap\u00edtulo 140(*) da novela \u201cNovo Mundo\u201d, resumo de sexta-feira, 01 de setembro, Leopoldina agradece a confian\u00e7a de Dom Pedro. Thomas jura vingan\u00e7a contra seus inimigos. Idalina e Diara rezam por Wolfgang, que acorda melhor. Piat\u00e3 revela sua origem a Ubirajara. Dom Pedro e Chala\u00e7a saem em comitiva em busca [&hellip;]<\/p>\n","protected":false},"author":4,"featured_media":107950,"comment_status":"open","ping_status":"closed","sticky":false,"template":"","format":"standard","meta":{"tdm_status":"","tdm_grid_status":"","footnotes":""},"categories":[379,375,343],"tags":[441],"class_list":{"0":"post-120241","1":"post","2":"type-post","3":"status-publish","4":"format-standard","5":"has-post-thumbnail","7":"category-novelas","8":"category-rede-globo","9":"category-televisao","10":"tag-resumo-do-dia"},"_links":{"self":[{"href":"https:\/\/migracao.redenoticia.com.br\/noticia\/wp-json\/wp\/v2\/posts\/120241","targetHints":{"allow":["GET"]}}],"collection":[{"href":"https:\/\/migracao.redenoticia.com.br\/noticia\/wp-json\/wp\/v2\/posts"}],"about":[{"href":"https:\/\/migracao.redenoticia.com.br\/noticia\/wp-json\/wp\/v2\/types\/post"}],"author":[{"embeddable":true,"href":"https:\/\/migracao.redenoticia.com.br\/noticia\/wp-json\/wp\/v2\/users\/4"}],"replies":[{"embeddable":true,"href":"https:\/\/migracao.redenoticia.com.br\/noticia\/wp-json\/wp\/v2\/comments?post=120241"}],"version-history":[{"count":0,"href":"https:\/\/migracao.redenoticia.com.br\/noticia\/wp-json\/wp\/v2\/posts\/120241\/revisions"}],"wp:featuredmedia":[{"embeddable":true,"href":"https:\/\/migracao.redenoticia.com.br\/noticia\/wp-json\/wp\/v2\/media\/107950"}],"wp:attachment":[{"href":"https:\/\/migracao.redenoticia.com.br\/noticia\/wp-json\/wp\/v2\/media?parent=120241"}],"wp:term":[{"taxonomy":"category","embeddable":true,"href":"https:\/\/migracao.redenoticia.com.br\/noticia\/wp-json\/wp\/v2\/categories?post=120241"},{"taxonomy":"post_tag","embeddable":true,"href":"https:\/\/migracao.redenoticia.com.br\/noticia\/wp-json\/wp\/v2\/tags?post=120241"}],"curies":[{"name":"wp","href":"https:\/\/api.w.org\/{rel}","templated":true}]}}