{"id":120280,"date":"2017-09-01T16:43:17","date_gmt":"2017-09-01T19:43:17","guid":{"rendered":"https:\/\/www.redenoticia.com.br\/noticia\/?p=120280"},"modified":"2017-09-01T21:32:46","modified_gmt":"2017-09-02T00:32:46","slug":"novela-belaventura-resumo-0409-jacques-ameaca-severo","status":"publish","type":"post","link":"https:\/\/migracao.redenoticia.com.br\/noticia\/2017\/novela-belaventura-resumo-0409-jacques-ameaca-severo\/120280","title":{"rendered":"Novela \u201cBelaventura\u201d resumo 04\/09: Enrico aceita combate entre os sucessores"},"content":{"rendered":"<p> <strong><em><img loading=\"lazy\" decoding=\"async\" class=\"alignleft size-thumbnail wp-image-117590\" src=\"https:\/\/migracao.redenoticia.com.br\/noticia\/imagens\/belaventura_record_novela_resumo-150x112.jpg\" alt=\"\" width=\"150\" height=\"112\" srcset=\"https:\/\/migracao.redenoticia.com.br\/noticia\/imagens\/belaventura_record_novela_resumo-150x112.jpg 150w, https:\/\/migracao.redenoticia.com.br\/noticia\/imagens\/belaventura_record_novela_resumo-265x198.jpg 265w\" sizes=\"auto, (max-width: 150px) 100vw, 150px\" \/>Novela \u201cBelaventura\u201d resumo 04\/09<\/em><\/strong>: no capitulo 030 (*) da novela \u201cBelaventura\u201d, segunda-feira, 04 de setembro, Otoniel est\u00e1 furioso e diz a Enrico n\u00e3o confiar nas palavras de Severo. Severo diz que sempre defendeu a verdade e que foi acusado injustamente pela morte da rainha. Severo insiste na sua proposta para salvar Lizabeta: um combate entre os sucessores representando as casas de Valedo e Reden\u00e7\u00e3o, pelo trono de Belaventura. Enrico aceita e diz para dar o ant\u00eddoto imediatamente para Lizabeta. Severo diz que n\u00e3o est\u00e1 com ele e que precisam assinar um termo com todas as condi\u00e7\u00f5es do duelo. <\/p>\n<p>Severo discute com Jacques e diz para ele vencer a luta a todo custo em nome da dama que tanto admira. Enquanto Marion est\u00e1 desacordada na cama Leoc\u00e1dia se aproxima dela e fala que sempre teve o controle da situa\u00e7\u00e3o e que sempre foi a rainha do castelo. Marion acorda e diz que a rainha \u00e9 ela e pega uma adaga que estava escondida na cama e encosta no pesco\u00e7o de Leoc\u00e1dia. Marion diz que Leoc\u00e1dia a tentou envenenar mas ela cuspiu assim que notou algo diferente. Leoc\u00e1dia prop\u00f5e a Marion que as duas se unam. Enrico vai at\u00e9 a cozinha onde est\u00e1 Pietra e revela que far\u00e1 um duelo com Jacques pelo trono de Belaventura. Nodier liberta Biniek a pedido de Carmona. <\/p>\n<p>Pietra leva o caldo para Lizabeta mas \u00e9 impedida por Merlino que pede que ela se afaste. Biniek leva Nodier at\u00e9 a casa de Lucy. Nodier quer encontrar provas de que Lucy era uma bruxa. Se ela for bruxa, Pietra tamb\u00e9m ser\u00e1. Pietra diz para Elia que s\u00f3 quer o bem da princesa Carmona. Bartolion entra na sala do trono e diz que Severo talvez tenha obtido o veneno com a Ordem Pura. Enrico interrompe e diz que o f\u00edsico Merlino prestava servi\u00e7os para a Ordem Pura. Jacques diz para Severo esquecer o duelo e prop\u00f5e uma disputa justa. Ele diz que ganhar\u00e1 de Enrico e, com isto, conseguiria apagar a derrota no passado que deu o trono a Otoniel. Jacques complementa dizendo que uma alian\u00e7a deve ser formada entra as casas de Valedo e Reden\u00e7\u00e3o atrav\u00e9s de seu casamento com Lizabeta. Severo se surpreende com a proposta de Jacques. Lizabeta acorda e Merlino pede que se acalme. Ele pede para ver Enrico. Ele pega um frasco com l\u00edquido azul e d\u00e1 o l\u00edquido para Lizabeta. Pietra entra e se assusta com o que v\u00ea. Enrico entra e tira a sua espada. <\/p>\n<p>(*) edi\u00e7\u00e3o da Rede Record, Novela \u201cBelaventura\u201d, sujeito a altera\u00e7\u00e3o de data e conte\u00fado.<\/p>\n<p>\u201cBelaventura\u201d \u00e9 uma telenovela brasileira produzida pela RecordTV em parceria com a produtora Casablanca e exibida pela emissora a partir de 25 de julho de 2017 com previs\u00e3o de 150 cap\u00edtulos, substituindo a reprise de A Escrava Isaura. A trama \u00e9 a terceira exibida no hor\u00e1rio como novela das sete desde a reabertura da faixa para telenovelas, ocupada com telejornais at\u00e9 a estreia de Escrava M\u00e3e, em 2016. Foi a 28\u00aa novela exibida pela emissora desde a retomada da dramaturgia em 2004. Escrita por Gustavo Reiz com colabora\u00e7\u00e3o de Aline Garbati, Jussara Fazolo, Mariana Vielmond e Marco Borges, tendo dire\u00e7\u00e3o geral de Ivan Zettel e dire\u00e7\u00e3o art\u00edstica de Roberto Bomtempo. \u201cBelaventura\u201d foi a terceira telenovela brasileira gravada em resolu\u00e7\u00e3o 4K (UHDTV), formato superior ao HD usada nas produ\u00e7\u00f5es at\u00e9 ent\u00e3o, utilizando-se da mesma tecnologia dos filmes estadunidenses, sendo as duas anteriores tamb\u00e9m da RecordTV.<\/p>\n","protected":false},"excerpt":{"rendered":"<p>Novela \u201cBelaventura\u201d resumo 04\/09: no capitulo 030 (*) da novela \u201cBelaventura\u201d, segunda-feira, 04 de setembro, Otoniel est\u00e1 furioso e diz a Enrico n\u00e3o confiar nas palavras de Severo. Severo diz que sempre defendeu a verdade e que foi acusado injustamente pela morte da rainha. Severo insiste na sua proposta para salvar Lizabeta: um combate entre [&hellip;]<\/p>\n","protected":false},"author":2,"featured_media":117590,"comment_status":"open","ping_status":"closed","sticky":false,"template":"","format":"standard","meta":{"tdm_status":"","tdm_grid_status":"","footnotes":""},"categories":[379,371,343],"tags":[441],"class_list":{"0":"post-120280","1":"post","2":"type-post","3":"status-publish","4":"format-standard","5":"has-post-thumbnail","7":"category-novelas","8":"category-rede-record","9":"category-televisao","10":"tag-resumo-do-dia"},"_links":{"self":[{"href":"https:\/\/migracao.redenoticia.com.br\/noticia\/wp-json\/wp\/v2\/posts\/120280","targetHints":{"allow":["GET"]}}],"collection":[{"href":"https:\/\/migracao.redenoticia.com.br\/noticia\/wp-json\/wp\/v2\/posts"}],"about":[{"href":"https:\/\/migracao.redenoticia.com.br\/noticia\/wp-json\/wp\/v2\/types\/post"}],"author":[{"embeddable":true,"href":"https:\/\/migracao.redenoticia.com.br\/noticia\/wp-json\/wp\/v2\/users\/2"}],"replies":[{"embeddable":true,"href":"https:\/\/migracao.redenoticia.com.br\/noticia\/wp-json\/wp\/v2\/comments?post=120280"}],"version-history":[{"count":0,"href":"https:\/\/migracao.redenoticia.com.br\/noticia\/wp-json\/wp\/v2\/posts\/120280\/revisions"}],"wp:featuredmedia":[{"embeddable":true,"href":"https:\/\/migracao.redenoticia.com.br\/noticia\/wp-json\/wp\/v2\/media\/117590"}],"wp:attachment":[{"href":"https:\/\/migracao.redenoticia.com.br\/noticia\/wp-json\/wp\/v2\/media?parent=120280"}],"wp:term":[{"taxonomy":"category","embeddable":true,"href":"https:\/\/migracao.redenoticia.com.br\/noticia\/wp-json\/wp\/v2\/categories?post=120280"},{"taxonomy":"post_tag","embeddable":true,"href":"https:\/\/migracao.redenoticia.com.br\/noticia\/wp-json\/wp\/v2\/tags?post=120280"}],"curies":[{"name":"wp","href":"https:\/\/api.w.org\/{rel}","templated":true}]}}