{"id":120282,"date":"2017-09-01T16:44:15","date_gmt":"2017-09-01T19:44:15","guid":{"rendered":"https:\/\/www.redenoticia.com.br\/noticia\/?p=120282"},"modified":"2017-09-04T21:44:15","modified_gmt":"2017-09-05T00:44:15","slug":"novela-o-rico-e-lazaro-resumo-0409-nebuzarada-fica-surpreso-ao-ver-asher","status":"publish","type":"post","link":"https:\/\/migracao.redenoticia.com.br\/noticia\/2017\/novela-o-rico-e-lazaro-resumo-0409-nebuzarada-fica-surpreso-ao-ver-asher\/120282","title":{"rendered":"Novela \u201cO Rico e L\u00e1zaro\u201d resumo 04\/09: Nebuzarad\u00e3 fica surpreso ao ver Asher"},"content":{"rendered":"<p> <img loading=\"lazy\" decoding=\"async\" class=\"alignleft size-thumbnail wp-image-107948\" src=\"https:\/\/migracao.redenoticia.com.br\/noticia\/imagens\/o_rico_e_o_lazaro_resumo_novela_record-150x112.jpg\" alt=\"\" width=\"150\" height=\"112\" srcset=\"https:\/\/migracao.redenoticia.com.br\/noticia\/imagens\/o_rico_e_o_lazaro_resumo_novela_record-150x112.jpg 150w, https:\/\/migracao.redenoticia.com.br\/noticia\/imagens\/o_rico_e_o_lazaro_resumo_novela_record-265x198.jpg 265w\" sizes=\"auto, (max-width: 150px) 100vw, 150px\" \/><strong><em>Novela \u201cO Rico e L\u00e1zaro\u201d resumo 04\/09<\/em><\/strong>: no capitulo 126(*) da novela \u201cO Rico e L\u00e1zaro\u201d, segunda-feira, 04 de setembro, Joana pede para Matias largar o jogo. Zac fica furioso ao saber que Elga se casar\u00e1 com Fassur. Zelfa diz que sair\u00e1 de casa. Absalom descobre que Dana est\u00e1 noiva. As g\u00eameas se irritam com os maridos. Neusta fala da festa em homenagem ao rei. Ebede-Meleque visita Joaquim. Dana tenta entender a atitude de Joana. O comerciante que testemunhou o assassinato de Chaim \u00e9 encontrado morto. <\/p>\n<p>Amitis visita o beb\u00ea de Lia. Arioque aconselha os filhos de Daniel a ficarem longe de Belsazar. Asher leva presentes ao rei e \u00e9 convidado por Beroso para ficar no pal\u00e1cio. Ele pede para comprar Lior. Rabe-S\u00e1ris pergunta se os irm\u00e3os t\u00eam envolvimento com o assassinato do comerciante. Nebuzarad\u00e3 fica surpreso ao ver Asher no pal\u00e1cio. Asher diz ter esquecido as lembran\u00e7as ruins. <\/p>\n<p>Nebuzarad\u00e3 fica desconfiado. Zac, Absalom e Nicolau negam qualquer envolvimento na morte de Chaim. Lior pede para Asher manter a calma. Beroso encontra Sammu e avisa que o Lobo de Jud\u00e1 retornou em grande estilo. Matias promete largar o jogo. Zelfa questiona Joana sobre o noivado com Zac. Asher compra roupas novas para Lior. Zac convida Joana para acompanha-lo na cerim\u00f4nia de homenagem ao rei.<\/p>\n<p>(*) edi\u00e7\u00e3o da Rede Record, Novela \u201cO Rico e L\u00e1zaro\u201d, sujeito a altera\u00e7\u00e3o de data e conte\u00fado.<\/p>\n","protected":false},"excerpt":{"rendered":"<p>Novela \u201cO Rico e L\u00e1zaro\u201d resumo 04\/09: no capitulo 126(*) da novela \u201cO Rico e L\u00e1zaro\u201d, segunda-feira, 04 de setembro, Joana pede para Matias largar o jogo. Zac fica furioso ao saber que Elga se casar\u00e1 com Fassur. Zelfa diz que sair\u00e1 de casa. Absalom descobre que Dana est\u00e1 noiva. As g\u00eameas se irritam com [&hellip;]<\/p>\n","protected":false},"author":2,"featured_media":107948,"comment_status":"open","ping_status":"closed","sticky":false,"template":"","format":"standard","meta":{"tdm_status":"","tdm_grid_status":"","footnotes":""},"categories":[379,371,343],"tags":[441],"class_list":{"0":"post-120282","1":"post","2":"type-post","3":"status-publish","4":"format-standard","5":"has-post-thumbnail","7":"category-novelas","8":"category-rede-record","9":"category-televisao","10":"tag-resumo-do-dia"},"_links":{"self":[{"href":"https:\/\/migracao.redenoticia.com.br\/noticia\/wp-json\/wp\/v2\/posts\/120282","targetHints":{"allow":["GET"]}}],"collection":[{"href":"https:\/\/migracao.redenoticia.com.br\/noticia\/wp-json\/wp\/v2\/posts"}],"about":[{"href":"https:\/\/migracao.redenoticia.com.br\/noticia\/wp-json\/wp\/v2\/types\/post"}],"author":[{"embeddable":true,"href":"https:\/\/migracao.redenoticia.com.br\/noticia\/wp-json\/wp\/v2\/users\/2"}],"replies":[{"embeddable":true,"href":"https:\/\/migracao.redenoticia.com.br\/noticia\/wp-json\/wp\/v2\/comments?post=120282"}],"version-history":[{"count":0,"href":"https:\/\/migracao.redenoticia.com.br\/noticia\/wp-json\/wp\/v2\/posts\/120282\/revisions"}],"wp:featuredmedia":[{"embeddable":true,"href":"https:\/\/migracao.redenoticia.com.br\/noticia\/wp-json\/wp\/v2\/media\/107948"}],"wp:attachment":[{"href":"https:\/\/migracao.redenoticia.com.br\/noticia\/wp-json\/wp\/v2\/media?parent=120282"}],"wp:term":[{"taxonomy":"category","embeddable":true,"href":"https:\/\/migracao.redenoticia.com.br\/noticia\/wp-json\/wp\/v2\/categories?post=120282"},{"taxonomy":"post_tag","embeddable":true,"href":"https:\/\/migracao.redenoticia.com.br\/noticia\/wp-json\/wp\/v2\/tags?post=120282"}],"curies":[{"name":"wp","href":"https:\/\/api.w.org\/{rel}","templated":true}]}}