{"id":120306,"date":"2017-09-01T16:37:20","date_gmt":"2017-09-01T19:37:20","guid":{"rendered":"https:\/\/www.redenoticia.com.br\/noticia\/?p=120306"},"modified":"2017-09-01T16:29:56","modified_gmt":"2017-09-01T19:29:56","slug":"resumo-novela-novo-mundo-0209-leopoldina-e-anna-sofrem-um-atentado","status":"publish","type":"post","link":"https:\/\/migracao.redenoticia.com.br\/noticia\/2017\/resumo-novela-novo-mundo-0209-leopoldina-e-anna-sofrem-um-atentado\/120306","title":{"rendered":"Resumo novela \u201cNovo Mundo\u201d 02\/09: Leopoldina e Anna sofrem um atentado"},"content":{"rendered":"<p><img loading=\"lazy\" decoding=\"async\" class=\"alignleft size-thumbnail wp-image-107950\" src=\"https:\/\/migracao.redenoticia.com.br\/noticia\/imagens\/novo_mundo_novela_resumo_globo-150x112.jpg\" alt=\"\" width=\"150\" height=\"112\" srcset=\"https:\/\/migracao.redenoticia.com.br\/noticia\/imagens\/novo_mundo_novela_resumo_globo-150x112.jpg 150w, https:\/\/migracao.redenoticia.com.br\/noticia\/imagens\/novo_mundo_novela_resumo_globo-265x198.jpg 265w\" sizes=\"auto, (max-width: 150px) 100vw, 150px\" \/><strong><em>Resumo novela \u201cNovo Mundo\u201d 02\/09<\/em><\/strong>: no cap\u00edtulo 141 (*) da novela \u201cNovo Mundo\u201d, resumo de s\u00e1bado, 02 de setembro, Fred e sua tripula\u00e7\u00e3o partem em busca do tesouro do gale\u00e3o espanhol. Leopoldina convida Anna para ser sua secret\u00e1ria de governo. Dom Pedro e Chala\u00e7a conseguem o apoio de muitas prov\u00edncias do interior de S\u00e3o Paulo. Thomas e Sebasti\u00e3o tramam contra Leopoldina. Domitila sugere que Francisco v\u00e1 ao encontro de Dom Pedro, e Benedita conta a Fel\u00edcio. Ubirajara decide manter em segredo a origem de Piat\u00e3, para que o rapaz seja o Paj\u00e9 da aldeia. Lib\u00e9rio conquista sua liberdade e pensa em resgatar outras pessoas com a ajuda de Matias e Cec\u00edlia. Schultz desconfia de Greta, que segue envenenando Wolfgang. Germana, Elvira e Licurgo sabotam a taberna de Hugo. Durante a revista das tropas, Leopoldina e Anna sofrem um atentado, comandado por Thomas.<\/p>\n<p>(*) edi\u00e7\u00e3o da Rede Globo, Novela \u201cNovo Mundo\u201d, sujeito a altera\u00e7\u00e3o de data e conte\u00fado.<\/p>\n<p>Novo Mundo \u00e9 uma telenovela brasileira produzida pela Rede Globo. Escrita por Thereza Falc\u00e3o e Alessandro Marson, conta com dire\u00e7\u00e3o art\u00edstica de Vin\u00edcius Coimbra. Conta com as participa\u00e7\u00f5es de Isabelle Drummond, Chay Suede, Caio Castro, Let\u00edcia Colin, Leo Jaime, D\u00e9bora Olivieri, Rodrigo Simas, Giullia Buscacio, Vivianne Pasmanter, Guilherme Piva, R\u00f4mulo Estrela, Agatha Moreira, Luisa Micheletti, Gabriel Braga Nunes, e Ingrid Guimar\u00e3es.<\/p>\n","protected":false},"excerpt":{"rendered":"<p>Resumo novela \u201cNovo Mundo\u201d 02\/09: no cap\u00edtulo 141 (*) da novela \u201cNovo Mundo\u201d, resumo de s\u00e1bado, 02 de setembro, Fred e sua tripula\u00e7\u00e3o partem em busca do tesouro do gale\u00e3o espanhol. Leopoldina convida Anna para ser sua secret\u00e1ria de governo. Dom Pedro e Chala\u00e7a conseguem o apoio de muitas prov\u00edncias do interior de S\u00e3o Paulo. [&hellip;]<\/p>\n","protected":false},"author":4,"featured_media":107950,"comment_status":"open","ping_status":"closed","sticky":false,"template":"","format":"standard","meta":{"tdm_status":"","tdm_grid_status":"","footnotes":""},"categories":[379,375,343],"tags":[441],"class_list":{"0":"post-120306","1":"post","2":"type-post","3":"status-publish","4":"format-standard","5":"has-post-thumbnail","7":"category-novelas","8":"category-rede-globo","9":"category-televisao","10":"tag-resumo-do-dia"},"_links":{"self":[{"href":"https:\/\/migracao.redenoticia.com.br\/noticia\/wp-json\/wp\/v2\/posts\/120306","targetHints":{"allow":["GET"]}}],"collection":[{"href":"https:\/\/migracao.redenoticia.com.br\/noticia\/wp-json\/wp\/v2\/posts"}],"about":[{"href":"https:\/\/migracao.redenoticia.com.br\/noticia\/wp-json\/wp\/v2\/types\/post"}],"author":[{"embeddable":true,"href":"https:\/\/migracao.redenoticia.com.br\/noticia\/wp-json\/wp\/v2\/users\/4"}],"replies":[{"embeddable":true,"href":"https:\/\/migracao.redenoticia.com.br\/noticia\/wp-json\/wp\/v2\/comments?post=120306"}],"version-history":[{"count":0,"href":"https:\/\/migracao.redenoticia.com.br\/noticia\/wp-json\/wp\/v2\/posts\/120306\/revisions"}],"wp:featuredmedia":[{"embeddable":true,"href":"https:\/\/migracao.redenoticia.com.br\/noticia\/wp-json\/wp\/v2\/media\/107950"}],"wp:attachment":[{"href":"https:\/\/migracao.redenoticia.com.br\/noticia\/wp-json\/wp\/v2\/media?parent=120306"}],"wp:term":[{"taxonomy":"category","embeddable":true,"href":"https:\/\/migracao.redenoticia.com.br\/noticia\/wp-json\/wp\/v2\/categories?post=120306"},{"taxonomy":"post_tag","embeddable":true,"href":"https:\/\/migracao.redenoticia.com.br\/noticia\/wp-json\/wp\/v2\/tags?post=120306"}],"curies":[{"name":"wp","href":"https:\/\/api.w.org\/{rel}","templated":true}]}}