{"id":120310,"date":"2017-09-01T16:38:05","date_gmt":"2017-09-01T19:38:05","guid":{"rendered":"https:\/\/www.redenoticia.com.br\/noticia\/?p=120310"},"modified":"2017-09-01T16:29:49","modified_gmt":"2017-09-01T19:29:49","slug":"resumo-novela-pega-pega-0209-douglas-desconfia-de-malagueta","status":"publish","type":"post","link":"https:\/\/migracao.redenoticia.com.br\/noticia\/2017\/resumo-novela-pega-pega-0209-douglas-desconfia-de-malagueta\/120310","title":{"rendered":"Resumo novela \u201cPega Pega\u201d 02\/09: Douglas desconfia de Malagueta"},"content":{"rendered":"<p><img loading=\"lazy\" decoding=\"async\" class=\"alignleft size-thumbnail wp-image-114640\" src=\"https:\/\/migracao.redenoticia.com.br\/noticia\/imagens\/pega-pega-globo-novela-resumo-150x112.jpg\" alt=\"\" width=\"150\" height=\"112\" srcset=\"https:\/\/migracao.redenoticia.com.br\/noticia\/imagens\/pega-pega-globo-novela-resumo-150x112.jpg 150w, https:\/\/migracao.redenoticia.com.br\/noticia\/imagens\/pega-pega-globo-novela-resumo-265x198.jpg 265w\" sizes=\"auto, (max-width: 150px) 100vw, 150px\" \/><strong><em>Resumo novela \u201cPega Pega\u201d 02\/09<\/em><\/strong>: no cap\u00edtulo 077 (*) da novela \u201cPega Pega\u201d, resumo de s\u00e1bado, 02 de setembro, Douglas desconfia do envolvimento de Malagueta no roubo. Malagueta impede M\u00f4nica de fugir do hotel. Eric avisa a Luiza que ela precisa se preparar para dizer a Pedrinho que ele n\u00e3o receber\u00e1 de volta o dinheiro que estava com Agnaldo. Siqueira aceita a volta de Dom\u00eanico \u00e0 delegacia. L\u00edgia inventa que deseja ser a melhor amiga de Sabine. Tim\u00f3teo avisa a Atha\u00edde que a forma de achar o documento que est\u00e1 com Arlete \u00e9 entrar na casa dela e simular um assalto. Bebeth diz a Luiza que sempre ouviu de Maria Pia que os pais dela brigavam constantemente por causa de dinheiro. Eric pede a Ingrid sigilo a respeito de um recado que recebeu. Siqueira come\u00e7a a interrogar Agnaldo sobre o roubo no hotel.<\/p>\n<p>(*) edi\u00e7\u00e3o da Rede Globo, Novela \u201cPega Pega\u201d, sujeito a altera\u00e7\u00e3o de data e conte\u00fado.<\/p>\n<p>Pega Pega \u00e9 uma telenovela brasileira produzida pela Rede Globo, para o hor\u00e1rio das 19 horas. Ambientada no Rio de Janeiro, entre os bairros de Copacabana e Tijuca, Pega Pega tem como trama central o roubo ao Hotel Carioca Palace e seus desdobramentos na vida de cada um dos envolvidos, sejam eles h\u00f3spedes, suspeitos ou convidados do grande baile de gala. Assinando a autoria de uma novela pela primeira vez, Claudia Souto prop\u00f5e falar de \u00e9tica com bom humor, sob o ponto de vista de pessoas comuns.<\/p>\n","protected":false},"excerpt":{"rendered":"<p>Resumo novela \u201cPega Pega\u201d 02\/09: no cap\u00edtulo 077 (*) da novela \u201cPega Pega\u201d, resumo de s\u00e1bado, 02 de setembro, Douglas desconfia do envolvimento de Malagueta no roubo. Malagueta impede M\u00f4nica de fugir do hotel. Eric avisa a Luiza que ela precisa se preparar para dizer a Pedrinho que ele n\u00e3o receber\u00e1 de volta o dinheiro [&hellip;]<\/p>\n","protected":false},"author":4,"featured_media":114640,"comment_status":"open","ping_status":"closed","sticky":false,"template":"","format":"standard","meta":{"tdm_status":"","tdm_grid_status":"","footnotes":""},"categories":[379,375,343],"tags":[441],"class_list":{"0":"post-120310","1":"post","2":"type-post","3":"status-publish","4":"format-standard","5":"has-post-thumbnail","7":"category-novelas","8":"category-rede-globo","9":"category-televisao","10":"tag-resumo-do-dia"},"_links":{"self":[{"href":"https:\/\/migracao.redenoticia.com.br\/noticia\/wp-json\/wp\/v2\/posts\/120310","targetHints":{"allow":["GET"]}}],"collection":[{"href":"https:\/\/migracao.redenoticia.com.br\/noticia\/wp-json\/wp\/v2\/posts"}],"about":[{"href":"https:\/\/migracao.redenoticia.com.br\/noticia\/wp-json\/wp\/v2\/types\/post"}],"author":[{"embeddable":true,"href":"https:\/\/migracao.redenoticia.com.br\/noticia\/wp-json\/wp\/v2\/users\/4"}],"replies":[{"embeddable":true,"href":"https:\/\/migracao.redenoticia.com.br\/noticia\/wp-json\/wp\/v2\/comments?post=120310"}],"version-history":[{"count":0,"href":"https:\/\/migracao.redenoticia.com.br\/noticia\/wp-json\/wp\/v2\/posts\/120310\/revisions"}],"wp:featuredmedia":[{"embeddable":true,"href":"https:\/\/migracao.redenoticia.com.br\/noticia\/wp-json\/wp\/v2\/media\/114640"}],"wp:attachment":[{"href":"https:\/\/migracao.redenoticia.com.br\/noticia\/wp-json\/wp\/v2\/media?parent=120310"}],"wp:term":[{"taxonomy":"category","embeddable":true,"href":"https:\/\/migracao.redenoticia.com.br\/noticia\/wp-json\/wp\/v2\/categories?post=120310"},{"taxonomy":"post_tag","embeddable":true,"href":"https:\/\/migracao.redenoticia.com.br\/noticia\/wp-json\/wp\/v2\/tags?post=120310"}],"curies":[{"name":"wp","href":"https:\/\/api.w.org\/{rel}","templated":true}]}}