{"id":120316,"date":"2017-09-02T00:05:31","date_gmt":"2017-09-02T03:05:31","guid":{"rendered":"https:\/\/www.redenoticia.com.br\/noticia\/?p=120316"},"modified":"2017-09-01T17:08:46","modified_gmt":"2017-09-01T20:08:46","slug":"resumo-novela-um-caminho-para-o-destino-0409-amelia-e-luiz-se-encontram-no-tribunal","status":"publish","type":"post","link":"https:\/\/migracao.redenoticia.com.br\/noticia\/2017\/resumo-novela-um-caminho-para-o-destino-0409-amelia-e-luiz-se-encontram-no-tribunal\/120316","title":{"rendered":"Resumo novela \u201cUm Caminho Para o Destino\u201d 04\/09: Am\u00e9lia e Luiz se encontram no tribunal"},"content":{"rendered":"<p><img loading=\"lazy\" decoding=\"async\" class=\"alignleft size-thumbnail wp-image-119749\" src=\"https:\/\/migracao.redenoticia.com.br\/noticia\/imagens\/um_caminho_destino_novela_sbt_resumo-150x112.jpg\" alt=\"\" width=\"150\" height=\"112\" srcset=\"https:\/\/migracao.redenoticia.com.br\/noticia\/imagens\/um_caminho_destino_novela_sbt_resumo-150x112.jpg 150w, https:\/\/migracao.redenoticia.com.br\/noticia\/imagens\/um_caminho_destino_novela_sbt_resumo-265x198.jpg 265w\" sizes=\"auto, (max-width: 150px) 100vw, 150px\" \/><strong><em>Resumo novela \u201cUm Caminho Para o Destino\u201d 04\/09<\/em><\/strong>: no cap\u00edtulo 006(*) da novela \u201cUm Caminho Para o Destino\u201d, resumo de segunda-feira, 04 de setembro, Pedro questiona Am\u00e9lia por ter se produzido tanto para ir ao tribunal e se encontrar com Luiz. Carlos corre at\u00e9 o f\u00f3rum para falar com Fernanda, mas ela n\u00e3o quer ouvir o que ele tem a dizer. Am\u00e9lia e Luiz se encontram no tribunal. Ele n\u00e3o a reconhece e Am\u00e9lia tem uma crise de choro. Come\u00e7a a audi\u00eancia e Fernanda conversa com Luiz para que cheguem a um acordo e encerrem o caso, mas ele n\u00e3o aceita e diz que ir\u00e1 at\u00e9 as \u00faltimas consequ\u00eancias. Pedro conta para a irm\u00e3 sua hist\u00f3ria com Am\u00e9lia. Ros\u00e1rio fica impressionada com tudo que ele fez por Am\u00e9lia e Fernanda. Fernando passa mal e o Dr. Carlos \u00e9 chamado para atend\u00ea-lo. Ao chegar l\u00e1 ele encontra Mariana, que tenta explicar a situa\u00e7\u00e3o com Luiz, mas ele n\u00e3o quer escutar. Fernanda vai dormir com Camila e, depois de passar uma noite muito divertida, algu\u00e9m rouba seu violino enquanto as duas est\u00e3o dormindo. Ros\u00e1rio critica Am\u00e9lia pela infelicidade de Pedro e Fernanda e \u00e9 expulsa de sua casa. Fernanda comunica o col\u00e9gio sobre o roubo do violino e eles realizam uma busca intensiva. Mariana est\u00e1 determina a conquistar Luiz e despreza Carlos. Am\u00e9lia est\u00e1 arrasada por n\u00e3o ter sido reconhecida pelo \u00fanico homem que amou na vida. Fernanda chega em casa com Camila e Am\u00e9lia a trata muito mal.<\/p>\n<p>(*) edi\u00e7\u00e3o do SBT, Novela \u201cUm Caminho Para o Destino\u201d, sujeito a altera\u00e7\u00e3o de data e conte\u00fado.<\/p>\n<p>Na fazenda da fam\u00edlia Altamirano vive Don Fernando, um vi\u00favo e pai de duas jovens: Amelia, a mais nova e sua consentida, e Mariana, a filha mais velha. Com eles tamb\u00e9m vivem Blanca, que cuida das filhas de Don Fernando desde o falecimento da m\u00e3e delas no parto de Amelia, e Pedro P\u00e9rez, o jardineiro da fazenda, que \u00e9 apaixonado por Amelia. Por\u00e9m Amelia \u00e9 apaixonada por Luis Montero, um estudante de direito cheio de ambi\u00e7\u00f5es. Amelia acaba se entregando a Luis e acaba engravidando. Ao saber da gravidez, Luis despreza Amelia e se casa com Marissa, uma rica vi\u00fava milion\u00e1ria e m\u00e3e de Carlos. Don Fernando, ao saber da gravidez de Amelia, acredita que o filho \u00e9 de Pedro e os expulsa da fazenda. Um tempo depois, Amelia e Pedro se casam e ele assume a paternidade da crian\u00e7a que ao nascer, \u00e9 batizada de Luisa Fernanda. 18 anos depois Luisa Fernanda \u00e9 uma linda mo\u00e7a que tem duas paix\u00f5es na vida: tocar violino e plantar, h\u00e1bitos que aprendeu com seu pai Pedro. Um certo dia, Luis, seu pai biol\u00f3gico, a atropela e a leva para o hospital onde trabalha seu enteado Carlos. A partir desse momento, nasce um amor entre eles. Carlos \u00e9 namorado de Isabela, ex-miss universo e uma solicitada modelo, mas termina com ela ao se apaixonar por Fernanda.<\/p>\n","protected":false},"excerpt":{"rendered":"<p>Resumo novela \u201cUm Caminho Para o Destino\u201d 04\/09: no cap\u00edtulo 006(*) da novela \u201cUm Caminho Para o Destino\u201d, resumo de segunda-feira, 04 de setembro, Pedro questiona Am\u00e9lia por ter se produzido tanto para ir ao tribunal e se encontrar com Luiz. Carlos corre at\u00e9 o f\u00f3rum para falar com Fernanda, mas ela n\u00e3o quer ouvir [&hellip;]<\/p>\n","protected":false},"author":4,"featured_media":119749,"comment_status":"open","ping_status":"closed","sticky":false,"template":"","format":"standard","meta":{"tdm_status":"","tdm_grid_status":"","footnotes":""},"categories":[379,372,343],"tags":[441],"class_list":{"0":"post-120316","1":"post","2":"type-post","3":"status-publish","4":"format-standard","5":"has-post-thumbnail","7":"category-novelas","8":"category-sbt","9":"category-televisao","10":"tag-resumo-do-dia"},"_links":{"self":[{"href":"https:\/\/migracao.redenoticia.com.br\/noticia\/wp-json\/wp\/v2\/posts\/120316","targetHints":{"allow":["GET"]}}],"collection":[{"href":"https:\/\/migracao.redenoticia.com.br\/noticia\/wp-json\/wp\/v2\/posts"}],"about":[{"href":"https:\/\/migracao.redenoticia.com.br\/noticia\/wp-json\/wp\/v2\/types\/post"}],"author":[{"embeddable":true,"href":"https:\/\/migracao.redenoticia.com.br\/noticia\/wp-json\/wp\/v2\/users\/4"}],"replies":[{"embeddable":true,"href":"https:\/\/migracao.redenoticia.com.br\/noticia\/wp-json\/wp\/v2\/comments?post=120316"}],"version-history":[{"count":0,"href":"https:\/\/migracao.redenoticia.com.br\/noticia\/wp-json\/wp\/v2\/posts\/120316\/revisions"}],"wp:featuredmedia":[{"embeddable":true,"href":"https:\/\/migracao.redenoticia.com.br\/noticia\/wp-json\/wp\/v2\/media\/119749"}],"wp:attachment":[{"href":"https:\/\/migracao.redenoticia.com.br\/noticia\/wp-json\/wp\/v2\/media?parent=120316"}],"wp:term":[{"taxonomy":"category","embeddable":true,"href":"https:\/\/migracao.redenoticia.com.br\/noticia\/wp-json\/wp\/v2\/categories?post=120316"},{"taxonomy":"post_tag","embeddable":true,"href":"https:\/\/migracao.redenoticia.com.br\/noticia\/wp-json\/wp\/v2\/tags?post=120316"}],"curies":[{"name":"wp","href":"https:\/\/api.w.org\/{rel}","templated":true}]}}