{"id":120328,"date":"2017-09-02T00:09:41","date_gmt":"2017-09-02T03:09:41","guid":{"rendered":"https:\/\/www.redenoticia.com.br\/noticia\/?p=120328"},"modified":"2017-09-01T17:09:27","modified_gmt":"2017-09-01T20:09:27","slug":"resumo-novela-malhacao-0409-guto-exige-que-samantha-respeite-bene","status":"publish","type":"post","link":"https:\/\/migracao.redenoticia.com.br\/noticia\/2017\/resumo-novela-malhacao-0409-guto-exige-que-samantha-respeite-bene\/120328","title":{"rendered":"Resumo novela \u201cMalha\u00e7\u00e3o\u201d 04\/09: Guto exige que Samantha respeite Ben\u00ea"},"content":{"rendered":"<p><img loading=\"lazy\" decoding=\"async\" class=\"alignleft size-thumbnail wp-image-110075\" src=\"https:\/\/migracao.redenoticia.com.br\/noticia\/imagens\/malhacao-viva-a-diferenca-150x112.jpg\" alt=\"\" width=\"150\" height=\"112\" srcset=\"https:\/\/migracao.redenoticia.com.br\/noticia\/imagens\/malhacao-viva-a-diferenca-150x112.jpg 150w, https:\/\/migracao.redenoticia.com.br\/noticia\/imagens\/malhacao-viva-a-diferenca-265x198.jpg 265w\" sizes=\"auto, (max-width: 150px) 100vw, 150px\" \/><strong><em>Resumo novela \u201cMalha\u00e7\u00e3o\u201d 04\/09<\/em><\/strong>: no cap\u00edtulo 086(*) da novela \u201cMalha\u00e7\u00e3o\u201d, resumo de segunda-feira, 04 de setembro, Ben\u00ea e Guto reatam a amizade e as aulas de piano. Ellen aconselha Anderson sobre o relacionamento com Tina. D\u00f3ris concorda em oferecer uma bolsa de estudos para Ellen no col\u00e9gio Grupo, e B\u00f3ris comemora. Marta diz a Lica que aceitou jantar com ela e Edgar. Tina confessa a Ellen que est\u00e1 mal por causa de Anderson. Tato sofre ao ver Deco com Tonico. Guto exige que Samantha respeite Ben\u00ea. Samantha sugere que Clara pressione Guto. K2 ajuda Tato a vender os salgados de Das Dores. Keyla se incomoda ao ver Tato e K2 juntos. Lica e Ellen mobilizam os alunos dos col\u00e9gios para promover a Balada Cultural. Lu\u00eds confronta Edgar. Tina alerta Lica sobre seus sentimentos por B\u00f3ris.<\/p>\n<p>(*) edi\u00e7\u00e3o da Rede Globo, Novela \u201cMalha\u00e7\u00e3o\u201d, sujeito a altera\u00e7\u00e3o de data e conte\u00fado.<\/p>\n<p>A vig\u00e9sima quinta temporada da s\u00e9rie de televis\u00e3o brasileira Malha\u00e7\u00e3o, produzida pela Rede Globo, \u00e9 escrita por Cao Hamburger, com colabora\u00e7\u00e3o de Jaqueline Vargas, Luciana Pessanha, Vitor Brandt e Carolina Ziskind, e conta com a dire\u00e7\u00e3o de Paulo Silvestrini. Pela primeira vez ap\u00f3s vinte e quatro temporadas, a novela ser\u00e1 ambientada nas zonas leste e sul da cidade de S\u00e3o Paulo. A trama \u00e9 protagonizada por Gabriela Medvedovski, Heslaine Vieira, Ana Hikari, Manoela Aliperti e Daphne Bozaski. O elenco tamb\u00e9m \u00e9 composto por Matheus Abreu, Hall Mendes, Juan Piava, Gabriel Calamari, Bruno Gadiol, Giovanna Grigio, Aline Fanju, L\u00facio Mauro Filho, Malu Galli, Angelo Ant\u00f4nio, Daniela Galli, Marcello Antony, Isabella Scherer, Talita Younan e Carol Macedo nos papeis principais.<\/p>\n","protected":false},"excerpt":{"rendered":"<p>Resumo novela \u201cMalha\u00e7\u00e3o\u201d 04\/09: no cap\u00edtulo 086(*) da novela \u201cMalha\u00e7\u00e3o\u201d, resumo de segunda-feira, 04 de setembro, Ben\u00ea e Guto reatam a amizade e as aulas de piano. Ellen aconselha Anderson sobre o relacionamento com Tina. D\u00f3ris concorda em oferecer uma bolsa de estudos para Ellen no col\u00e9gio Grupo, e B\u00f3ris comemora. Marta diz a Lica [&hellip;]<\/p>\n","protected":false},"author":4,"featured_media":110072,"comment_status":"open","ping_status":"closed","sticky":false,"template":"","format":"standard","meta":{"tdm_status":"","tdm_grid_status":"","footnotes":""},"categories":[447,379,375,343],"tags":[441],"class_list":{"0":"post-120328","1":"post","2":"type-post","3":"status-publish","4":"format-standard","5":"has-post-thumbnail","7":"category-malhacao","8":"category-novelas","9":"category-rede-globo","10":"category-televisao","11":"tag-resumo-do-dia"},"_links":{"self":[{"href":"https:\/\/migracao.redenoticia.com.br\/noticia\/wp-json\/wp\/v2\/posts\/120328","targetHints":{"allow":["GET"]}}],"collection":[{"href":"https:\/\/migracao.redenoticia.com.br\/noticia\/wp-json\/wp\/v2\/posts"}],"about":[{"href":"https:\/\/migracao.redenoticia.com.br\/noticia\/wp-json\/wp\/v2\/types\/post"}],"author":[{"embeddable":true,"href":"https:\/\/migracao.redenoticia.com.br\/noticia\/wp-json\/wp\/v2\/users\/4"}],"replies":[{"embeddable":true,"href":"https:\/\/migracao.redenoticia.com.br\/noticia\/wp-json\/wp\/v2\/comments?post=120328"}],"version-history":[{"count":0,"href":"https:\/\/migracao.redenoticia.com.br\/noticia\/wp-json\/wp\/v2\/posts\/120328\/revisions"}],"wp:featuredmedia":[{"embeddable":true,"href":"https:\/\/migracao.redenoticia.com.br\/noticia\/wp-json\/wp\/v2\/media\/110072"}],"wp:attachment":[{"href":"https:\/\/migracao.redenoticia.com.br\/noticia\/wp-json\/wp\/v2\/media?parent=120328"}],"wp:term":[{"taxonomy":"category","embeddable":true,"href":"https:\/\/migracao.redenoticia.com.br\/noticia\/wp-json\/wp\/v2\/categories?post=120328"},{"taxonomy":"post_tag","embeddable":true,"href":"https:\/\/migracao.redenoticia.com.br\/noticia\/wp-json\/wp\/v2\/tags?post=120328"}],"curies":[{"name":"wp","href":"https:\/\/api.w.org\/{rel}","templated":true}]}}