{"id":120330,"date":"2017-09-02T16:40:17","date_gmt":"2017-09-02T19:40:17","guid":{"rendered":"https:\/\/www.redenoticia.com.br\/noticia\/?p=120330"},"modified":"2017-09-01T17:10:40","modified_gmt":"2017-09-01T20:10:40","slug":"resumo-novela-novo-mundo-0409-dom-pedro-nao-resiste-ao-amor-por-domitila","status":"publish","type":"post","link":"https:\/\/migracao.redenoticia.com.br\/noticia\/2017\/resumo-novela-novo-mundo-0409-dom-pedro-nao-resiste-ao-amor-por-domitila\/120330","title":{"rendered":"Resumo novela \u201cNovo Mundo\u201d 04\/09: Dom Pedro n\u00e3o resiste ao amor por Domitila"},"content":{"rendered":"<p><img loading=\"lazy\" decoding=\"async\" class=\"alignleft size-thumbnail wp-image-107950\" src=\"https:\/\/migracao.redenoticia.com.br\/noticia\/imagens\/novo_mundo_novela_resumo_globo-150x112.jpg\" alt=\"\" width=\"150\" height=\"112\" srcset=\"https:\/\/migracao.redenoticia.com.br\/noticia\/imagens\/novo_mundo_novela_resumo_globo-150x112.jpg 150w, https:\/\/migracao.redenoticia.com.br\/noticia\/imagens\/novo_mundo_novela_resumo_globo-265x198.jpg 265w\" sizes=\"auto, (max-width: 150px) 100vw, 150px\" \/><strong><em>Resumo novela \u201cNovo Mundo\u201d 04\/09<\/em><\/strong>: no cap\u00edtulo 142(*) da novela \u201cNovo Mundo\u201d, resumo de segunda-feira, 04 de setembro, Anna acredita que Thomas seja o respons\u00e1vel pelo atentado contra Leopoldina. Greta insinua a Hilda que Diara \u00e9 respons\u00e1vel pela piora do estado de sa\u00fade de Wolfgang. Ap\u00f3s a confus\u00e3o na taberna, Eg\u00eddio det\u00e9m Hugo, Licurgo, Germana, Elvira e Quinzinho. Matias, Lib\u00e9rio e Cec\u00edlia libertam as pessoas escravizadas por Sebasti\u00e3o. Joaquim resgata Quinzinho e repreende Elvira. Matias e Luana se interessam um pelo outro. Hugo prop\u00f5e sociedade a Licurgo, Germana e Elvira na taberna. Francisco vai ao encontro de Dom Pedro, que pergunta por Domitila. Dom Pedro n\u00e3o resiste ao amor por Domitila. Piat\u00e3 tem uma vis\u00e3o da aldeia onde vivia sua m\u00e3e. Sebasti\u00e3o amea\u00e7a Cec\u00edlia, Lib\u00e9rio, Am\u00e1lia e Peter. Leopoldina afirma a Bonif\u00e1cio que \u00e9 hora de declarar a independ\u00eancia do Brasil.<\/p>\n<p>(*) edi\u00e7\u00e3o da Rede Globo, Novela \u201cNovo Mundo\u201d, sujeito a altera\u00e7\u00e3o de data e conte\u00fado.<\/p>\n<p>Novo Mundo \u00e9 uma telenovela brasileira produzida pela Rede Globo. Escrita por Thereza Falc\u00e3o e Alessandro Marson, conta com dire\u00e7\u00e3o art\u00edstica de Vin\u00edcius Coimbra. Conta com as participa\u00e7\u00f5es de Isabelle Drummond, Chay Suede, Caio Castro, Let\u00edcia Colin, Leo Jaime, D\u00e9bora Olivieri, Rodrigo Simas, Giullia Buscacio, Vivianne Pasmanter, Guilherme Piva, R\u00f4mulo Estrela, Agatha Moreira, Luisa Micheletti, Gabriel Braga Nunes, e Ingrid Guimar\u00e3es.<\/p>\n","protected":false},"excerpt":{"rendered":"<p>Resumo novela \u201cNovo Mundo\u201d 04\/09: no cap\u00edtulo 142(*) da novela \u201cNovo Mundo\u201d, resumo de segunda-feira, 04 de setembro, Anna acredita que Thomas seja o respons\u00e1vel pelo atentado contra Leopoldina. Greta insinua a Hilda que Diara \u00e9 respons\u00e1vel pela piora do estado de sa\u00fade de Wolfgang. Ap\u00f3s a confus\u00e3o na taberna, Eg\u00eddio det\u00e9m Hugo, Licurgo, Germana, [&hellip;]<\/p>\n","protected":false},"author":4,"featured_media":107950,"comment_status":"open","ping_status":"closed","sticky":false,"template":"","format":"standard","meta":{"tdm_status":"","tdm_grid_status":"","footnotes":""},"categories":[379,375,343],"tags":[441],"class_list":{"0":"post-120330","1":"post","2":"type-post","3":"status-publish","4":"format-standard","5":"has-post-thumbnail","7":"category-novelas","8":"category-rede-globo","9":"category-televisao","10":"tag-resumo-do-dia"},"_links":{"self":[{"href":"https:\/\/migracao.redenoticia.com.br\/noticia\/wp-json\/wp\/v2\/posts\/120330","targetHints":{"allow":["GET"]}}],"collection":[{"href":"https:\/\/migracao.redenoticia.com.br\/noticia\/wp-json\/wp\/v2\/posts"}],"about":[{"href":"https:\/\/migracao.redenoticia.com.br\/noticia\/wp-json\/wp\/v2\/types\/post"}],"author":[{"embeddable":true,"href":"https:\/\/migracao.redenoticia.com.br\/noticia\/wp-json\/wp\/v2\/users\/4"}],"replies":[{"embeddable":true,"href":"https:\/\/migracao.redenoticia.com.br\/noticia\/wp-json\/wp\/v2\/comments?post=120330"}],"version-history":[{"count":0,"href":"https:\/\/migracao.redenoticia.com.br\/noticia\/wp-json\/wp\/v2\/posts\/120330\/revisions"}],"wp:featuredmedia":[{"embeddable":true,"href":"https:\/\/migracao.redenoticia.com.br\/noticia\/wp-json\/wp\/v2\/media\/107950"}],"wp:attachment":[{"href":"https:\/\/migracao.redenoticia.com.br\/noticia\/wp-json\/wp\/v2\/media?parent=120330"}],"wp:term":[{"taxonomy":"category","embeddable":true,"href":"https:\/\/migracao.redenoticia.com.br\/noticia\/wp-json\/wp\/v2\/categories?post=120330"},{"taxonomy":"post_tag","embeddable":true,"href":"https:\/\/migracao.redenoticia.com.br\/noticia\/wp-json\/wp\/v2\/tags?post=120330"}],"curies":[{"name":"wp","href":"https:\/\/api.w.org\/{rel}","templated":true}]}}