{"id":120333,"date":"2017-09-02T16:41:27","date_gmt":"2017-09-02T19:41:27","guid":{"rendered":"https:\/\/www.redenoticia.com.br\/noticia\/?p=120333"},"modified":"2017-09-01T17:10:50","modified_gmt":"2017-09-01T20:10:50","slug":"resumo-novela-pega-pega-0409-eric-procura-sandra-helena","status":"publish","type":"post","link":"https:\/\/migracao.redenoticia.com.br\/noticia\/2017\/resumo-novela-pega-pega-0409-eric-procura-sandra-helena\/120333","title":{"rendered":"Resumo novela \u201cPega Pega\u201d 04\/09: Eric procura Sandra Helena"},"content":{"rendered":"<p><img loading=\"lazy\" decoding=\"async\" class=\"alignleft size-thumbnail wp-image-114640\" src=\"https:\/\/migracao.redenoticia.com.br\/noticia\/imagens\/pega-pega-globo-novela-resumo-150x112.jpg\" alt=\"\" width=\"150\" height=\"112\" srcset=\"https:\/\/migracao.redenoticia.com.br\/noticia\/imagens\/pega-pega-globo-novela-resumo-150x112.jpg 150w, https:\/\/migracao.redenoticia.com.br\/noticia\/imagens\/pega-pega-globo-novela-resumo-265x198.jpg 265w\" sizes=\"auto, (max-width: 150px) 100vw, 150px\" \/><strong><em>Resumo novela \u201cPega Pega\u201d 04\/09<\/em><\/strong>: no cap\u00edtulo 078(*) da novela \u201cPega Pega\u201d, resumo de segunda-feira, 04 de setembro, Agnaldo dep\u00f5e na delegacia, mantendo a vers\u00e3o do roubo contada por J\u00falio. Eric pede a Ingrid que n\u00e3o ligue mais para sua empresa e avisa que far\u00e1 o dep\u00f3sito que ela pediu. Malagueta sente que Eric est\u00e1 desconfiado. Prazeres convida Tim\u00f3teo para jantar em sua casa. Crist\u00f3v\u00e3o conta a Bebeth que Dom \u00e9 seu filho. M\u00f4nica pede a C\u00edntia para n\u00e3o revelar a ningu\u00e9m seu hist\u00f3rico com Evandro. Tim\u00f3teo diz para Elza que alugar\u00e1 a casa da vila. L\u00edgia se inclui no convite que Sabine faz \u00e0 fam\u00edlia de Dom para jantar. Luiza conta a Douglas que marcou um encontro com um vizinho de Eric e Mirella e teme o que pode vir a descobrir. T\u00e2nia conta a Sabine que Dom convencer\u00e1 Crist\u00f3v\u00e3o a ir ao jantar. Wanderley visita Agnaldo na delegacia. Eric procura Sandra Helena.<\/p>\n<p>(*) edi\u00e7\u00e3o da Rede Globo, Novela \u201cPega Pega\u201d, sujeito a altera\u00e7\u00e3o de data e conte\u00fado.<\/p>\n<p>Pega Pega \u00e9 uma telenovela brasileira produzida pela Rede Globo, para o hor\u00e1rio das 19 horas. Ambientada no Rio de Janeiro, entre os bairros de Copacabana e Tijuca, Pega Pega tem como trama central o roubo ao Hotel Carioca Palace e seus desdobramentos na vida de cada um dos envolvidos, sejam eles h\u00f3spedes, suspeitos ou convidados do grande baile de gala. Assinando a autoria de uma novela pela primeira vez, Claudia Souto prop\u00f5e falar de \u00e9tica com bom humor, sob o ponto de vista de pessoas comuns.<\/p>\n","protected":false},"excerpt":{"rendered":"<p>Resumo novela \u201cPega Pega\u201d 04\/09: no cap\u00edtulo 078(*) da novela \u201cPega Pega\u201d, resumo de segunda-feira, 04 de setembro, Agnaldo dep\u00f5e na delegacia, mantendo a vers\u00e3o do roubo contada por J\u00falio. Eric pede a Ingrid que n\u00e3o ligue mais para sua empresa e avisa que far\u00e1 o dep\u00f3sito que ela pediu. Malagueta sente que Eric est\u00e1 [&hellip;]<\/p>\n","protected":false},"author":4,"featured_media":114640,"comment_status":"open","ping_status":"closed","sticky":false,"template":"","format":"standard","meta":{"tdm_status":"","tdm_grid_status":"","footnotes":""},"categories":[379,375,343],"tags":[441],"class_list":{"0":"post-120333","1":"post","2":"type-post","3":"status-publish","4":"format-standard","5":"has-post-thumbnail","7":"category-novelas","8":"category-rede-globo","9":"category-televisao","10":"tag-resumo-do-dia"},"_links":{"self":[{"href":"https:\/\/migracao.redenoticia.com.br\/noticia\/wp-json\/wp\/v2\/posts\/120333","targetHints":{"allow":["GET"]}}],"collection":[{"href":"https:\/\/migracao.redenoticia.com.br\/noticia\/wp-json\/wp\/v2\/posts"}],"about":[{"href":"https:\/\/migracao.redenoticia.com.br\/noticia\/wp-json\/wp\/v2\/types\/post"}],"author":[{"embeddable":true,"href":"https:\/\/migracao.redenoticia.com.br\/noticia\/wp-json\/wp\/v2\/users\/4"}],"replies":[{"embeddable":true,"href":"https:\/\/migracao.redenoticia.com.br\/noticia\/wp-json\/wp\/v2\/comments?post=120333"}],"version-history":[{"count":0,"href":"https:\/\/migracao.redenoticia.com.br\/noticia\/wp-json\/wp\/v2\/posts\/120333\/revisions"}],"wp:featuredmedia":[{"embeddable":true,"href":"https:\/\/migracao.redenoticia.com.br\/noticia\/wp-json\/wp\/v2\/media\/114640"}],"wp:attachment":[{"href":"https:\/\/migracao.redenoticia.com.br\/noticia\/wp-json\/wp\/v2\/media?parent=120333"}],"wp:term":[{"taxonomy":"category","embeddable":true,"href":"https:\/\/migracao.redenoticia.com.br\/noticia\/wp-json\/wp\/v2\/categories?post=120333"},{"taxonomy":"post_tag","embeddable":true,"href":"https:\/\/migracao.redenoticia.com.br\/noticia\/wp-json\/wp\/v2\/tags?post=120333"}],"curies":[{"name":"wp","href":"https:\/\/api.w.org\/{rel}","templated":true}]}}