{"id":120365,"date":"2017-09-02T16:44:06","date_gmt":"2017-09-02T19:44:06","guid":{"rendered":"https:\/\/www.redenoticia.com.br\/noticia\/?p=120365"},"modified":"2017-09-01T21:03:48","modified_gmt":"2017-09-02T00:03:48","slug":"novela-tempo-de-amar","status":"publish","type":"post","link":"https:\/\/migracao.redenoticia.com.br\/noticia\/2017\/novela-tempo-de-amar\/120365","title":{"rendered":"Novela &#8220;Tempo de Amar&#8221; sinopse: a hist\u00f3ria de Maria Vit\u00f3ria e In\u00e1cio Ramos"},"content":{"rendered":"<p><img loading=\"lazy\" decoding=\"async\" class=\"alignleft size-thumbnail wp-image-120363\" src=\"https:\/\/migracao.redenoticia.com.br\/noticia\/imagens\/tempo_de_amar_globo_novela_resumo-150x112.jpg\" alt=\"\" width=\"150\" height=\"112\" srcset=\"https:\/\/migracao.redenoticia.com.br\/noticia\/imagens\/tempo_de_amar_globo_novela_resumo-150x112.jpg 150w, https:\/\/migracao.redenoticia.com.br\/noticia\/imagens\/tempo_de_amar_globo_novela_resumo-265x198.jpg 265w\" sizes=\"auto, (max-width: 150px) 100vw, 150px\" \/><strong><em>Novela &#8220;Tempo de Amar&#8221; sinopse<\/em><\/strong>: em &#8220;Tempo de Amar&#8221;, pr\u00f3xima trama das 6, escrita por Alcides Nogueira, com dire\u00e7\u00e3o art\u00edstica de Jayme Monjardim e dire\u00e7\u00e3o geral de Adriano Melo, o p\u00fablico \u00e9 convidado a conhecer a hist\u00f3ria dos jovens Maria Vit\u00f3ria (Vit\u00f3ria Strada) e In\u00e1cio Ramos (Bruno Cabrerizo). Ap\u00f3s o amor \u00e0 primeira vista, eles sofrer\u00e3o com a inevit\u00e1vel separa\u00e7\u00e3o e as arma\u00e7\u00f5es de quem n\u00e3o deseja a felicidade do casal! <\/p>\n<p>Maria Vit\u00f3ria \u00e9 uma jovem letrada e de mente aberta, moradora de Morros Verdes, em Portugal, que ficou orf\u00e3 de m\u00e3e muito cedo e foi criada pelo pai. Durante uma prociss\u00e3o religiosa, ela conhece In\u00e1cio, um rapaz simples, que mora no vilarejo vizinho, e vive de trabalhos tempor\u00e1rios. Eles come\u00e7am a namorar, mas o casal logo se separa &#8211; ele tem viagem marcada para o Brasil, onde conseguiu um emprego no Rio de Janeiro. O problema \u00e9 que, ao partir, In\u00e1cio n\u00e3o deixou apenas Maria Vit\u00f3ria, mas tamb\u00e9m sua filha, fruto desse grande amor&#8230;<\/p>\n<p>Jos\u00e9 Augusto (Tony Ramos) \u00e9 um simples, por\u00e9m influente produtor de vinhos e azeites de Morros Verdes. Dono da Quinta da Carrasqueira, \u00e9 pai de Maria Vit\u00f3ria e cria a filha com mais liberdade do que as demais meninas da regi\u00e3o. Pouco se sabe sobre seu passado amoroso, mas h\u00e1 not\u00edcias sobre um envolvimento com a empregada da fam\u00edlia, Delfina (Let\u00edcia Sabatella). Ele \u00e9 amigo e muito pr\u00f3ximo do Padre Jo\u00e3o (Jos\u00e9 Augusto Branco), p\u00e1roco superquerido da regi\u00e3o. Mais do que ningu\u00e9m, ele deseja a felicidade da filha.<\/p>\n<p>Delfina chegou \u00e0 Quinta com apenas 12 anos, contratada para cuidar dos porcos, cabras e aves. Desde ent\u00e3o, ela se apaixonou por Jos\u00e9 Augusto e vive para agrad\u00e1-lo e faz\u00ea-lo feliz. Ela \u00e9 m\u00e3e de Tereza Leit\u00e3o (Ol\u00edvia Torres), uma jovem muito af\u00e1vel. A empregada sempre cuidou de Maria Vit\u00f3ria, embora seja falsa como uma cobra! Sua maior insatisfa\u00e7\u00e3o \u00e9 o fato de Jos\u00e9 Augusto nunca ter reconhecido a filha que tiveram juntos&#8230;<\/p>\n<p>Fern\u00e3o (Jayme Matarazzo) ser\u00e1 respons\u00e1vel por um dos primeiros obst\u00e1culos na vida do casal protagonista. O m\u00e9dico rec\u00e9m-formado em Coimbra revela um ci\u00fame doentio por Maria Vit\u00f3ria, pois ele deseja a jovem e acredita que ela \u00e9 sua prometida. E essa rivalidade render\u00e1 grandes embates na trama.<\/p>\n<p>Brasil x Portugal<br \/>\nMorando no Brasil e feliz com o novo emprego, In\u00e1cio recebe uma carta com a informa\u00e7\u00e3o sobre a gravidez da sua amada. Quando decide voltar para Portugal, ele sofre um assalto e vai parar na casa de Lucinda (Andreia Horta), filha do m\u00e9dico Reinaldo Macedo (C\u00e1ssio Gabus Mendes), que se apaixona por ele e far\u00e1 de tudo para que o jovem n\u00e3o volte para os bra\u00e7os de Maria Vit\u00f3ria! <\/p>\n<p>Em Portugal, Maria Vit\u00f3ria \u00e9 enviada ao Convento dos Santos Anjos, ap\u00f3s a descoberta da sua gravidez. L\u00e1 ela conhece a Irm\u00e3 Imaculada (Bete Mendes), uma mulher dura e que gosta de tudo preto no branco. Assim que nasce, o beb\u00ea da jovem \u00e9 dado para ado\u00e7\u00e3o, o que faz com que Maria Vit\u00f3ria fuja para o Brasil atr\u00e1s de In\u00e1cio. A partir da\u00ed, a trama se desenrola entre encontros e desencontros e mostra a esperan\u00e7a do casal em viver esse grande amor.<\/p>\n<p>Baseada em um argumento de Rubem Fonseca, a trama de Alcides Nogueira \u00e9 escrita em parceria com Bia Corr\u00eaa do Lago e conta com a colabora\u00e7\u00e3o de Tarc\u00edsio Lara Puiati e B\u00edbi Da Pieve. Tempo de Amar tem estreia prevista para setembro.<\/p>\n<p>Fonte Rede Globo &#8220;Tempo de Amar&#8221;<\/p>\n","protected":false},"excerpt":{"rendered":"<p>Novela &#8220;Tempo de Amar&#8221; sinopse: em &#8220;Tempo de Amar&#8221;, pr\u00f3xima trama das 6, escrita por Alcides Nogueira, com dire\u00e7\u00e3o art\u00edstica de Jayme Monjardim e dire\u00e7\u00e3o geral de Adriano Melo, o p\u00fablico \u00e9 convidado a conhecer a hist\u00f3ria dos jovens Maria Vit\u00f3ria (Vit\u00f3ria Strada) e In\u00e1cio Ramos (Bruno Cabrerizo). Ap\u00f3s o amor \u00e0 primeira vista, eles [&hellip;]<\/p>\n","protected":false},"author":2,"featured_media":120363,"comment_status":"open","ping_status":"closed","sticky":false,"template":"","format":"standard","meta":{"tdm_status":"","tdm_grid_status":"","footnotes":""},"categories":[379,375,343],"tags":[440],"class_list":{"0":"post-120365","1":"post","2":"type-post","3":"status-publish","4":"format-standard","5":"has-post-thumbnail","7":"category-novelas","8":"category-rede-globo","9":"category-televisao","10":"tag-noticia-novela"},"_links":{"self":[{"href":"https:\/\/migracao.redenoticia.com.br\/noticia\/wp-json\/wp\/v2\/posts\/120365","targetHints":{"allow":["GET"]}}],"collection":[{"href":"https:\/\/migracao.redenoticia.com.br\/noticia\/wp-json\/wp\/v2\/posts"}],"about":[{"href":"https:\/\/migracao.redenoticia.com.br\/noticia\/wp-json\/wp\/v2\/types\/post"}],"author":[{"embeddable":true,"href":"https:\/\/migracao.redenoticia.com.br\/noticia\/wp-json\/wp\/v2\/users\/2"}],"replies":[{"embeddable":true,"href":"https:\/\/migracao.redenoticia.com.br\/noticia\/wp-json\/wp\/v2\/comments?post=120365"}],"version-history":[{"count":0,"href":"https:\/\/migracao.redenoticia.com.br\/noticia\/wp-json\/wp\/v2\/posts\/120365\/revisions"}],"wp:featuredmedia":[{"embeddable":true,"href":"https:\/\/migracao.redenoticia.com.br\/noticia\/wp-json\/wp\/v2\/media\/120363"}],"wp:attachment":[{"href":"https:\/\/migracao.redenoticia.com.br\/noticia\/wp-json\/wp\/v2\/media?parent=120365"}],"wp:term":[{"taxonomy":"category","embeddable":true,"href":"https:\/\/migracao.redenoticia.com.br\/noticia\/wp-json\/wp\/v2\/categories?post=120365"},{"taxonomy":"post_tag","embeddable":true,"href":"https:\/\/migracao.redenoticia.com.br\/noticia\/wp-json\/wp\/v2\/tags?post=120365"}],"curies":[{"name":"wp","href":"https:\/\/api.w.org\/{rel}","templated":true}]}}