{"id":120393,"date":"2017-09-02T16:39:06","date_gmt":"2017-09-02T19:39:06","guid":{"rendered":"https:\/\/www.redenoticia.com.br\/noticia\/?p=120393"},"modified":"2017-09-02T19:43:58","modified_gmt":"2017-09-02T22:43:58","slug":"resumo-novela-o-que-a-vida-me-roubou-0409-graziela-atira-em-vitor","status":"publish","type":"post","link":"https:\/\/migracao.redenoticia.com.br\/noticia\/2017\/resumo-novela-o-que-a-vida-me-roubou-0409-graziela-atira-em-vitor\/120393","title":{"rendered":"Resumo novela \u201cO Que A Vida Me Roubou\u201d 04\/09: Graziela atira em V\u00edtor"},"content":{"rendered":"<p> <img loading=\"lazy\" decoding=\"async\" src=\"https:\/\/migracao.redenoticia.com.br\/noticia\/imagens\/o-que-a-vida-me-roubou-novela-resumo-sbt-150x112.jpg\" alt=\"\" width=\"150\" height=\"112\" class=\"alignleft size-thumbnail wp-image-105656\" srcset=\"https:\/\/migracao.redenoticia.com.br\/noticia\/imagens\/o-que-a-vida-me-roubou-novela-resumo-sbt-150x112.jpg 150w, https:\/\/migracao.redenoticia.com.br\/noticia\/imagens\/o-que-a-vida-me-roubou-novela-resumo-sbt-265x198.jpg 265w\" sizes=\"auto, (max-width: 150px) 100vw, 150px\" \/><strong><em>Resumo novela \u201cO Que A Vida Me Roubou\u201d 04\/09<\/em><\/strong>: no cap\u00edtulo 156(*) da novela \u201cO Que A Vida Me Roubou\u201d, resumo de segunda-feira, 04 de setembro, Montserrat diz a Alessandro que teme as atitudes de Pedro. Pedro acaba por telefonar a Montserrat e amea\u00e7a a vida dos seus filhos. Demetrio fala com Josefina sobre a morte de Adolfo e ela n\u00e3o sente rancor pelo que aconteceu. Pedro telefona a Alessandro e Jos\u00e9 Lu\u00eds e diz-lhes que tem Montserrat. Graziela confessa ao Padre Anselmo que n\u00e3o est\u00e1 doente e que pagou a um m\u00e9dico para falsificar os testes. O Padre diz-lhe que ela deve confessar a verdade \u00e0 sua fam\u00edlia. Alessandro, Demetrio e Jos\u00e9 Lu\u00eds encontram Montserrat amorda\u00e7ada e percebem que ter\u00e3o pouco tempo para a salvar. O padre Anselmo diz a Mac\u00e1rio que espera que ele tenha esclarecido tudo com o seu filho. V\u00edtor conta a Mac\u00e1rio que Kevin foi parar ao hospital. <\/p>\n<p>Alessandro, Jos\u00e9 Lu\u00eds e Demetrio conseguem salvar Montserrat. Pedro rapta Vit\u00f3ria, Laurinho e Luiza. Graziela, ao tentar defend\u00ea-los, acaba por ser agredida. Amea\u00e7ada, Graziela dispara contra V\u00edtor. Josefina conta a Demetrio que Pedro levou as crian\u00e7as. Am\u00e9lia tamb\u00e9m acaba por ser raptada para ficar a tomar conta das crian\u00e7as. V\u00edtor acaba por revelar que foi Graziela quem abriu a porta a Pedro e disparou contra ele. Josefina diz a Graziela que V\u00edtor acabou por morrer na opera\u00e7\u00e3o. Demetrio e Montserrat confrontam a m\u00e3e pedem-lhe que conte a verdade. Demetrio diz a Graziela que ela \u00e9 acusada de rapto e tentativa de homic\u00eddio e ela acaba por se levantar da cadeira de rodas. Graziela pede perd\u00e3o por tudo o que fez e atira-se para uma ravina. Apesar de Pedro ter culpada Alessandro pelo seu acidente, Alesandro diz-lhe que foi Benjamim o verdadeiro culpado. Pedro dispara contra Alessandro. <\/p>\n<p>Medina diz a Jos\u00e9 Lu\u00eds que vai ter que escolher quem vai salvar: Luiza ou Laurinho.V\u00edtor diz a Montserrat que Alessandro e Jos\u00e9 Lu\u00eds foram atr\u00e1s de Pedro para salvar as crian\u00e7as. Jos\u00e9 Lu\u00eds consegue destruir a bomba, mas acaba por ficar gravemente ferido. Demetrio consegue apanhar Pedro e sente que a vingan\u00e7a foi feita. N\u00e1dia diz a Demetrio que n\u00e3o o culpa pela morte do irm\u00e3o. Erick diz a Esmeralda que a ama e que est\u00e1 disposto a esperar por ela. Graziela acaba por se tornar uma sem-abrigo e fica irreconhec\u00edvel. Josefina diz a Demetrio que ele \u00e9 o amor da sua vida e acabam por se beijar. Montserrat chora a morte de Jos\u00e9 Lu\u00eds e segue para uma nova vida com Alessandro e as crian\u00e7as.<\/p>\n<p>(*) edi\u00e7\u00e3o do SBT, Novela \u201cO Que A Vida Me Roubou\u201d, sujeito a altera\u00e7\u00e3o de data e conte\u00fado.<\/p>\n<p>Lo que la vida me rob\u00f3 (no Brasil, O Que a Vida Me Roubou) \u00e9 uma telenovela mexicana produzida por Angelli Nesma Medina para Televisa e exibida pelo Canal de las Estrellas entre 28 de outubro de 2013 e 27 de julho de 2014 em 196 cap\u00edtulos, substituindo La tempestad e sendo substitu\u00edda por Hasta el fin del mundo. A original \u00e9 de Caridad Bravo Adams, sendo esta um remake modernizado das novelas Bodas de odio e Amor real, produzidas em 1983 e 2003, respectivamente. Tem Angelique Boyer, Sebasti\u00e1n Rulli, Luis Roberto Guzm\u00e1n, Daniela Castro, Grettell Vald\u00e9z, Sergio Sendel e Lisset nos papeis principais.<\/p>\n","protected":false},"excerpt":{"rendered":"<p>Resumo novela \u201cO Que A Vida Me Roubou\u201d 04\/09: no cap\u00edtulo 156(*) da novela \u201cO Que A Vida Me Roubou\u201d, resumo de segunda-feira, 04 de setembro, Montserrat diz a Alessandro que teme as atitudes de Pedro. Pedro acaba por telefonar a Montserrat e amea\u00e7a a vida dos seus filhos. Demetrio fala com Josefina sobre a [&hellip;]<\/p>\n","protected":false},"author":2,"featured_media":105656,"comment_status":"open","ping_status":"closed","sticky":false,"template":"","format":"standard","meta":{"tdm_status":"","tdm_grid_status":"","footnotes":""},"categories":[379,372,343],"tags":[441],"class_list":{"0":"post-120393","1":"post","2":"type-post","3":"status-publish","4":"format-standard","5":"has-post-thumbnail","7":"category-novelas","8":"category-sbt","9":"category-televisao","10":"tag-resumo-do-dia"},"_links":{"self":[{"href":"https:\/\/migracao.redenoticia.com.br\/noticia\/wp-json\/wp\/v2\/posts\/120393","targetHints":{"allow":["GET"]}}],"collection":[{"href":"https:\/\/migracao.redenoticia.com.br\/noticia\/wp-json\/wp\/v2\/posts"}],"about":[{"href":"https:\/\/migracao.redenoticia.com.br\/noticia\/wp-json\/wp\/v2\/types\/post"}],"author":[{"embeddable":true,"href":"https:\/\/migracao.redenoticia.com.br\/noticia\/wp-json\/wp\/v2\/users\/2"}],"replies":[{"embeddable":true,"href":"https:\/\/migracao.redenoticia.com.br\/noticia\/wp-json\/wp\/v2\/comments?post=120393"}],"version-history":[{"count":0,"href":"https:\/\/migracao.redenoticia.com.br\/noticia\/wp-json\/wp\/v2\/posts\/120393\/revisions"}],"wp:featuredmedia":[{"embeddable":true,"href":"https:\/\/migracao.redenoticia.com.br\/noticia\/wp-json\/wp\/v2\/media\/105656"}],"wp:attachment":[{"href":"https:\/\/migracao.redenoticia.com.br\/noticia\/wp-json\/wp\/v2\/media?parent=120393"}],"wp:term":[{"taxonomy":"category","embeddable":true,"href":"https:\/\/migracao.redenoticia.com.br\/noticia\/wp-json\/wp\/v2\/categories?post=120393"},{"taxonomy":"post_tag","embeddable":true,"href":"https:\/\/migracao.redenoticia.com.br\/noticia\/wp-json\/wp\/v2\/tags?post=120393"}],"curies":[{"name":"wp","href":"https:\/\/api.w.org\/{rel}","templated":true}]}}