{"id":120405,"date":"2017-09-04T00:05:11","date_gmt":"2017-09-04T03:05:11","guid":{"rendered":"https:\/\/www.redenoticia.com.br\/noticia\/?p=120405"},"modified":"2017-09-03T19:22:46","modified_gmt":"2017-09-03T22:22:46","slug":"abertas-as-inscricoes-para-pos-graduacao-em-ciencia-de-alimentos-na-unicamp","status":"publish","type":"post","link":"https:\/\/migracao.redenoticia.com.br\/noticia\/2017\/abertas-as-inscricoes-para-pos-graduacao-em-ciencia-de-alimentos-na-unicamp\/120405","title":{"rendered":"Abertas as inscri\u00e7\u00f5es para P\u00f3s-Gradua\u00e7\u00e3o em Ci\u00eancia de Alimentos na Unicamp"},"content":{"rendered":"<p> Ag\u00eancia FAPESP\u00a0\u2013 O Programa de <strong><em>P\u00f3s-Gradua\u00e7\u00e3o em Ci\u00eancia de Alimentos<\/em><\/strong> da Faculdade de Engenharia de Alimentos da Universidade Estadual de Campinas (Unicamp) abriu inscri\u00e7\u00f5es para os cursos de Mestrado e Doutorado. As inscri\u00e7\u00f5es para o processo seletivo devem ser feitas at\u00e9 o dia 31 de outubro de 2017, pelo\u00a0\u00a0da Unicamp.<\/p>\n<p>S\u00e3o 20 vagas para Mestrado e 21 vagas para Doutorado nas seguintes \u00e1reas: \u201cAn\u00e1lise de Alimentos\u201d, \u201cBioqu\u00edmica de Alimentos\u201d, \u201cMicrobiologia de Alimentos\u201d, \u201cQu\u00edmica de Alimentos\u201d e \u201cToxicologia de Alimentos\u201d.<\/p>\n<p>Poder\u00e3o se inscrever no processo seletivo os portadores de diploma em curso superior, certificado ou declara\u00e7\u00e3o de conclus\u00e3o de curso. Os candidatos ao mestrado que concluir\u00e3o o curso de gradua\u00e7\u00e3o no 2\u00b0 semestre de 2017 dever\u00e3o apresentar atestado de matr\u00edcula, com previs\u00e3o da cola\u00e7\u00e3o de grau. J\u00e1 os candidatos ao doutorado em fase de conclus\u00e3o do curso de mestrado dever\u00e3o apresentar carta do orientador com a previs\u00e3o da defesa de disserta\u00e7\u00e3o.<\/p>\n<p>O processo seletivo ter\u00e1 duas etapas. Na primeira, haver\u00e1 um exame escrito eliminat\u00f3rio, presencial ou presencial a dist\u00e2ncia e sob supervis\u00e3o, cuja nota m\u00ednima ser\u00e1 6. O exame escrito poder\u00e1 ser feito tamb\u00e9m na l\u00edngua inglesa, ficando sob responsabilidade do candidato fazer esta solicita\u00e7\u00e3o, por e-mail (ppgcafea@unicamp.br) ap\u00f3s sua inscri\u00e7\u00e3o no processo seletivo. A segunda etapa consistir\u00e1 numa entrevista presencial ou a dist\u00e2ncia, com an\u00e1lise de curriculum vitae e hist\u00f3rico escolar da gradua\u00e7\u00e3o ou do Mestrado.<\/p>\n<p>Os resultados do processo seletivo ser\u00e3o divulgados no dia 9 de novembro. As aulas come\u00e7ar\u00e3o no dia 26 de fevereiro de 2018.<\/p>\n<p>Mais informa\u00e7\u00f5es sobre as inscri\u00e7\u00f5es, o processo seletivo e as vagas est\u00e3o dispon\u00edveis no\u00a0\u00a0do Programa de P\u00f3s-Gradua\u00e7\u00e3o.<\/p>\n","protected":false},"excerpt":{"rendered":"<p>Ag\u00eancia FAPESP\u00a0\u2013 O Programa de P\u00f3s-Gradua\u00e7\u00e3o em Ci\u00eancia de Alimentos da Faculdade de Engenharia de Alimentos da Universidade Estadual de Campinas (Unicamp) abriu inscri\u00e7\u00f5es para os cursos de Mestrado e Doutorado. As inscri\u00e7\u00f5es para o processo seletivo devem ser feitas at\u00e9 o dia 31 de outubro de 2017, pelo\u00a0\u00a0da Unicamp. S\u00e3o 20 vagas para Mestrado [&hellip;]<\/p>\n","protected":false},"author":2,"featured_media":21255,"comment_status":"open","ping_status":"closed","sticky":false,"template":"","format":"standard","meta":{"tdm_status":"","tdm_grid_status":"","footnotes":""},"categories":[22,351,370],"tags":[],"class_list":{"0":"post-120405","1":"post","2":"type-post","3":"status-publish","4":"format-standard","5":"has-post-thumbnail","7":"category-brasil","8":"category-cursos","9":"category-inscricao"},"_links":{"self":[{"href":"https:\/\/migracao.redenoticia.com.br\/noticia\/wp-json\/wp\/v2\/posts\/120405","targetHints":{"allow":["GET"]}}],"collection":[{"href":"https:\/\/migracao.redenoticia.com.br\/noticia\/wp-json\/wp\/v2\/posts"}],"about":[{"href":"https:\/\/migracao.redenoticia.com.br\/noticia\/wp-json\/wp\/v2\/types\/post"}],"author":[{"embeddable":true,"href":"https:\/\/migracao.redenoticia.com.br\/noticia\/wp-json\/wp\/v2\/users\/2"}],"replies":[{"embeddable":true,"href":"https:\/\/migracao.redenoticia.com.br\/noticia\/wp-json\/wp\/v2\/comments?post=120405"}],"version-history":[{"count":0,"href":"https:\/\/migracao.redenoticia.com.br\/noticia\/wp-json\/wp\/v2\/posts\/120405\/revisions"}],"wp:featuredmedia":[{"embeddable":true,"href":"https:\/\/migracao.redenoticia.com.br\/noticia\/wp-json\/wp\/v2\/media\/21255"}],"wp:attachment":[{"href":"https:\/\/migracao.redenoticia.com.br\/noticia\/wp-json\/wp\/v2\/media?parent=120405"}],"wp:term":[{"taxonomy":"category","embeddable":true,"href":"https:\/\/migracao.redenoticia.com.br\/noticia\/wp-json\/wp\/v2\/categories?post=120405"},{"taxonomy":"post_tag","embeddable":true,"href":"https:\/\/migracao.redenoticia.com.br\/noticia\/wp-json\/wp\/v2\/tags?post=120405"}],"curies":[{"name":"wp","href":"https:\/\/api.w.org\/{rel}","templated":true}]}}