{"id":120419,"date":"2017-09-04T16:40:00","date_gmt":"2017-09-04T19:40:00","guid":{"rendered":"https:\/\/www.redenoticia.com.br\/noticia\/?p=120419"},"modified":"2017-09-03T19:34:22","modified_gmt":"2017-09-03T22:34:22","slug":"novela-ribeirao-do-tempo-resumo-0509-ari-encara-querencio","status":"publish","type":"post","link":"https:\/\/migracao.redenoticia.com.br\/noticia\/2017\/novela-ribeirao-do-tempo-resumo-0509-ari-encara-querencio\/120419","title":{"rendered":"Novela \u201cRibeir\u00e3o do Tempo\u201d resumo 05\/09: Ari encara Quer\u00eancio"},"content":{"rendered":"<p> <img loading=\"lazy\" decoding=\"async\" src=\"https:\/\/migracao.redenoticia.com.br\/noticia\/imagens\/ribeirao_do_tempo_novela_record_resumo-150x112.jpg\" alt=\"\" width=\"150\" height=\"112\" class=\"alignleft size-thumbnail wp-image-108265\" srcset=\"https:\/\/migracao.redenoticia.com.br\/noticia\/imagens\/ribeirao_do_tempo_novela_record_resumo-150x112.jpg 150w, https:\/\/migracao.redenoticia.com.br\/noticia\/imagens\/ribeirao_do_tempo_novela_record_resumo-265x198.jpg 265w\" sizes=\"auto, (max-width: 150px) 100vw, 150px\" \/><strong><em>Novela \u201cRibeir\u00e3o do Tempo\u201d resumo 05\/09<\/em><\/strong>: no capitulo 131 (*) da novela \u201cRibeir\u00e3o do Tempo\u201d, ter\u00e7a-feira, 05 de setembro, Clor\u00eds e L\u00e9ia se arrumam para ir ao debate. Sancha aconselha L\u00e9ia a grudar em Flores. Ajuricaba pro\u00edbe S\u00f4nia de ir ao debate para que ela n\u00e3o encontre Andr\u00e9. S\u00e9rgio, Andr\u00e9 e outros jovens se preparam para ir ao debate. Andr\u00e9 fala para todos que eles devem vaiar, mas sem partir para viol\u00eancia. Flores explica a Quer\u00eancio que as regras do debate s\u00e3o flex\u00edveis. Alguns correligion\u00e1rios de Quer\u00eancio chegam gritando palavras de ordem. Ari fala para Ajuricaba e Virg\u00ednia que est\u00e1 inseguro. Virg\u00ednia serve um copo de cacha\u00e7a para Ari. Beatriz reluta, mas acaba ligando o r\u00e1dio para ouvir o debate. De forma rude, Nicolau manda Elza chamar Arminda. Arminda ajuda Diana com o dever de casa. A executiva fica furiosa ao saber por Elza que Nicolau a tratou mal. Nicolau diz a Arminda que faz quest\u00e3o que ela o acompanhe no debate. Ari chega ao Sal\u00e3o Municipal e encara Quer\u00eancio. <\/p>\n<p>Arminda fala para Nicolau que est\u00e1 sem nenhuma vontade de ir ao debate. Ele perde o controle e fala grosseiramente com ela. Nicolau deixa claro para a noiva que ela vai se dar mal se tentar faz\u00ea-lo de ot\u00e1rio. Arminda fica muito assustada. Joca v\u00ea Filomena e diz que ela est\u00e1 linda. Fil\u00f3 apresenta Joca a Mateus. Flores anuncia o in\u00edcio do debate. Quer\u00eancio bebe uma dose logo no in\u00edcio. Quer\u00eancio e Ari j\u00e1 come\u00e7am a falar zombando um do outro. O povo ri muito. Zuleide v\u00ea Filomena ao lado de Mateus com o novo visual e liga para Karina para contar. Flores pede para os candidatos pararem de se criticar e apresentarem seus planos de governo. <\/p>\n<p>Filomena confessa a Mateus que fica triste longe de Tito, mas afirma que est\u00e1 em boa companhia. Karina liga para Tito e diz que quer saber se est\u00e1 tudo bem. A patricinha pergunta por Filomena e ele diz que ela deu uma sa\u00edda. Andr\u00e9, S\u00e9rgio e v\u00e1rias outras pessoas invadem o sal\u00e3o e gritam palavras de ordem contra os dois candidatos. Flores tenta conter o tumulto, mas m\u00e3o consegue. Sereno adere aos gritos e Flores olha tudo, tentando disfar\u00e7ar sua satisfa\u00e7\u00e3o. Quer\u00eancio come\u00e7a a responder uma pergunta e os jovens, gritando, o impedem de falar. Marta pede para Cardoso deixar o pelot\u00e3o de choque de sobreaviso. Sereno pergunta para os dois candidatos se a namorada de Quer\u00eancio anda frequentando a cama de Ari. Quer\u00eancio parte para cima de Ari. A confus\u00e3o se generaliza. A transmiss\u00e3o da r\u00e1dio \u00e9 interrompida por um tempo e volta com um an\u00fancio local. Clor\u00eds e L\u00e9ia levam Flores para casa com a cabe\u00e7a machucada. As duas brigam para ver quem vai cuidar do professor. <\/p>\n<p>(*) edi\u00e7\u00e3o da Rede Record, Novela \u201cRibeir\u00e3o do Tempo\u201d, sujeito a altera\u00e7\u00e3o de data e conte\u00fado.<\/p>\n","protected":false},"excerpt":{"rendered":"<p>Novela \u201cRibeir\u00e3o do Tempo\u201d resumo 05\/09: no capitulo 131 (*) da novela \u201cRibeir\u00e3o do Tempo\u201d, ter\u00e7a-feira, 05 de setembro, Clor\u00eds e L\u00e9ia se arrumam para ir ao debate. Sancha aconselha L\u00e9ia a grudar em Flores. Ajuricaba pro\u00edbe S\u00f4nia de ir ao debate para que ela n\u00e3o encontre Andr\u00e9. S\u00e9rgio, Andr\u00e9 e outros jovens se preparam [&hellip;]<\/p>\n","protected":false},"author":2,"featured_media":108265,"comment_status":"open","ping_status":"closed","sticky":false,"template":"","format":"standard","meta":{"tdm_status":"","tdm_grid_status":"","footnotes":""},"categories":[379,371,343],"tags":[441],"class_list":{"0":"post-120419","1":"post","2":"type-post","3":"status-publish","4":"format-standard","5":"has-post-thumbnail","7":"category-novelas","8":"category-rede-record","9":"category-televisao","10":"tag-resumo-do-dia"},"_links":{"self":[{"href":"https:\/\/migracao.redenoticia.com.br\/noticia\/wp-json\/wp\/v2\/posts\/120419","targetHints":{"allow":["GET"]}}],"collection":[{"href":"https:\/\/migracao.redenoticia.com.br\/noticia\/wp-json\/wp\/v2\/posts"}],"about":[{"href":"https:\/\/migracao.redenoticia.com.br\/noticia\/wp-json\/wp\/v2\/types\/post"}],"author":[{"embeddable":true,"href":"https:\/\/migracao.redenoticia.com.br\/noticia\/wp-json\/wp\/v2\/users\/2"}],"replies":[{"embeddable":true,"href":"https:\/\/migracao.redenoticia.com.br\/noticia\/wp-json\/wp\/v2\/comments?post=120419"}],"version-history":[{"count":0,"href":"https:\/\/migracao.redenoticia.com.br\/noticia\/wp-json\/wp\/v2\/posts\/120419\/revisions"}],"wp:featuredmedia":[{"embeddable":true,"href":"https:\/\/migracao.redenoticia.com.br\/noticia\/wp-json\/wp\/v2\/media\/108265"}],"wp:attachment":[{"href":"https:\/\/migracao.redenoticia.com.br\/noticia\/wp-json\/wp\/v2\/media?parent=120419"}],"wp:term":[{"taxonomy":"category","embeddable":true,"href":"https:\/\/migracao.redenoticia.com.br\/noticia\/wp-json\/wp\/v2\/categories?post=120419"},{"taxonomy":"post_tag","embeddable":true,"href":"https:\/\/migracao.redenoticia.com.br\/noticia\/wp-json\/wp\/v2\/tags?post=120419"}],"curies":[{"name":"wp","href":"https:\/\/api.w.org\/{rel}","templated":true}]}}