{"id":120421,"date":"2017-09-04T16:41:31","date_gmt":"2017-09-04T19:41:31","guid":{"rendered":"https:\/\/www.redenoticia.com.br\/noticia\/?p=120421"},"modified":"2017-09-04T19:01:22","modified_gmt":"2017-09-04T22:01:22","slug":"novela-bicho-do-mato-resumo-0509-tinia-faz-carinho-em-juba","status":"publish","type":"post","link":"https:\/\/migracao.redenoticia.com.br\/noticia\/2017\/novela-bicho-do-mato-resumo-0509-tinia-faz-carinho-em-juba\/120421","title":{"rendered":"Novela \u201cBicho do Mato\u201d resumo 05\/09: Juba e Cec\u00edlia chegam na aldeia"},"content":{"rendered":"<p> <img loading=\"lazy\" decoding=\"async\" class=\"alignleft size-thumbnail wp-image-119859\" src=\"https:\/\/migracao.redenoticia.com.br\/noticia\/imagens\/bicho_do_mato_novela_record_resumo-150x112.jpg\" alt=\"\" width=\"150\" height=\"112\" srcset=\"https:\/\/migracao.redenoticia.com.br\/noticia\/imagens\/bicho_do_mato_novela_record_resumo-150x112.jpg 150w, https:\/\/migracao.redenoticia.com.br\/noticia\/imagens\/bicho_do_mato_novela_record_resumo-265x198.jpg 265w\" sizes=\"auto, (max-width: 150px) 100vw, 150px\" \/><strong><em>Novela \u201cBicho do Mato\u201d resumo 05\/09<\/em><\/strong>: no capitulo 007 (*) da novela \u201cBicho do Mato\u201d, ter\u00e7a-feira, 05 de setembro, Zuzu l\u00ea jornal e descobre sobre o conflito na aldeia. Ramalho decide ir para a fazenda de novo. Maria Elisa pede para Eduardo ir ao m\u00e9dico porque ela n\u00e3o consegue engravidar. Vanda espera Betinha para ir para a faculdade. <\/p>\n<p>Betinha diz que n\u00e3o vai porque falta entregar alguns documentos. T\u00falio conta para Ramalho que sua filha, Betinha, vai estudar na mesma universidade de Tavinho. Juba e Cec\u00edlia chegam na aldeia. Jaci e as crian\u00e7as correm para ver Juba. Cec\u00edlia pergunta para Paj\u00e9 se ela pode ajudar com os feridos. <\/p>\n<p>Juba olha, ao longe, Cec\u00edlia e Paj\u00e9. Tini\u00e1 observa, insatisfeita. Fernando vai at\u00e9 a delegacia dizer para Maurinho que se ele n\u00e3o tomar atitude ele vai chamar a pol\u00edcia federal. Ramalho encontra Brand\u00e3o no Pantanal. Ramalho diz para Brand\u00e3o que tem novo plano e que n\u00e3o vai admitir falha.<\/p>\n<p>(*) edi\u00e7\u00e3o da Rede Record, Novela \u201cBicho do Mato\u201d, sujeito a altera\u00e7\u00e3o de data e conte\u00fado.<\/p>\n","protected":false},"excerpt":{"rendered":"<p>Novela \u201cBicho do Mato\u201d resumo 05\/09: no capitulo 007 (*) da novela \u201cBicho do Mato\u201d, ter\u00e7a-feira, 05 de setembro, Zuzu l\u00ea jornal e descobre sobre o conflito na aldeia. Ramalho decide ir para a fazenda de novo. Maria Elisa pede para Eduardo ir ao m\u00e9dico porque ela n\u00e3o consegue engravidar. Vanda espera Betinha para ir [&hellip;]<\/p>\n","protected":false},"author":2,"featured_media":119859,"comment_status":"open","ping_status":"closed","sticky":false,"template":"","format":"standard","meta":{"tdm_status":"","tdm_grid_status":"","footnotes":""},"categories":[379,371,343],"tags":[441],"class_list":{"0":"post-120421","1":"post","2":"type-post","3":"status-publish","4":"format-standard","5":"has-post-thumbnail","7":"category-novelas","8":"category-rede-record","9":"category-televisao","10":"tag-resumo-do-dia"},"_links":{"self":[{"href":"https:\/\/migracao.redenoticia.com.br\/noticia\/wp-json\/wp\/v2\/posts\/120421","targetHints":{"allow":["GET"]}}],"collection":[{"href":"https:\/\/migracao.redenoticia.com.br\/noticia\/wp-json\/wp\/v2\/posts"}],"about":[{"href":"https:\/\/migracao.redenoticia.com.br\/noticia\/wp-json\/wp\/v2\/types\/post"}],"author":[{"embeddable":true,"href":"https:\/\/migracao.redenoticia.com.br\/noticia\/wp-json\/wp\/v2\/users\/2"}],"replies":[{"embeddable":true,"href":"https:\/\/migracao.redenoticia.com.br\/noticia\/wp-json\/wp\/v2\/comments?post=120421"}],"version-history":[{"count":0,"href":"https:\/\/migracao.redenoticia.com.br\/noticia\/wp-json\/wp\/v2\/posts\/120421\/revisions"}],"wp:featuredmedia":[{"embeddable":true,"href":"https:\/\/migracao.redenoticia.com.br\/noticia\/wp-json\/wp\/v2\/media\/119859"}],"wp:attachment":[{"href":"https:\/\/migracao.redenoticia.com.br\/noticia\/wp-json\/wp\/v2\/media?parent=120421"}],"wp:term":[{"taxonomy":"category","embeddable":true,"href":"https:\/\/migracao.redenoticia.com.br\/noticia\/wp-json\/wp\/v2\/categories?post=120421"},{"taxonomy":"post_tag","embeddable":true,"href":"https:\/\/migracao.redenoticia.com.br\/noticia\/wp-json\/wp\/v2\/tags?post=120421"}],"curies":[{"name":"wp","href":"https:\/\/api.w.org\/{rel}","templated":true}]}}