{"id":120425,"date":"2017-09-04T16:43:26","date_gmt":"2017-09-04T19:43:26","guid":{"rendered":"https:\/\/www.redenoticia.com.br\/noticia\/?p=120425"},"modified":"2017-09-03T19:38:38","modified_gmt":"2017-09-03T22:38:38","slug":"novela-belaventura-resumo-0509-pietra-se-surpreende-com-pedido-de-enrico","status":"publish","type":"post","link":"https:\/\/migracao.redenoticia.com.br\/noticia\/2017\/novela-belaventura-resumo-0509-pietra-se-surpreende-com-pedido-de-enrico\/120425","title":{"rendered":"Novela \u201cBelaventura\u201d resumo 05\/09: Pietra se surpreende com pedido de Enrico"},"content":{"rendered":"<p> <strong><em><img loading=\"lazy\" decoding=\"async\" class=\"alignleft size-thumbnail wp-image-117590\" src=\"https:\/\/migracao.redenoticia.com.br\/noticia\/imagens\/belaventura_record_novela_resumo-150x112.jpg\" alt=\"\" width=\"150\" height=\"112\" srcset=\"https:\/\/migracao.redenoticia.com.br\/noticia\/imagens\/belaventura_record_novela_resumo-150x112.jpg 150w, https:\/\/migracao.redenoticia.com.br\/noticia\/imagens\/belaventura_record_novela_resumo-265x198.jpg 265w\" sizes=\"auto, (max-width: 150px) 100vw, 150px\" \/>Novela \u201cBelaventura\u201d resumo 05\/09<\/em><\/strong>: no capitulo 031 (*) da novela \u201cBelaventura\u201d, ter\u00e7a-feira, 05 de setembro, Enrico tem a espada em riste na dire\u00e7\u00e3o de Merlino, que est\u00e1 assustado. Pietra ao lado de Enrico e Lizabeta desacordada. Otoniel diz a Mistral que teme perder tudo. Jacques amea\u00e7a Severo e diz que se Lizabeta morrer, o pai o ter\u00e1 como um inimigo pelo resto da vida. Arturo diz \u00e0 Brione que eles precisam apoiar o pai e derrubar o rei Otoniel. Carmona reclama com Cedric que Enrico prefere que Pietra esteja ao lado de Lizabeta do que ela. Otoniel est\u00e1 muito abalado diante de Lizabeta e Enrico o consola. Cedric encontra com Merlino que diz que Enrico o dispensou. Cedric diz que ele precisa ficar no castelo ou vai perder o controle da situa\u00e7\u00e3o. Gonzalo est\u00e1 por perto e \u00e9 descoberto por Cedric. Gonzalo corre e se esconde. <\/p>\n<p>Corinto aparece ali, carregando um saco de mantimento e resmungando. Gonzalo pergunta a Corinto se sabe o que aconteceu com Jacques. Corinto diz que Jacques ainda n\u00e3o foi punido. Gonzalo pede ajuda para que saia do castelo sem ser visto. Otoniel n\u00e3o concorda que Jacques se case com Lizabeta. Mistral diz a Severo que ele est\u00e1 liberado para sair do castelo e buscar o ant\u00eddoto para salvar a princesa. Severo diz que n\u00e3o quer guardas no seu encal\u00e7o. Corinto leva Gonzalo para uma passagem secreta para sair do castelo, mas Cedric aparece e manda prend\u00ea-lo. <\/p>\n<p>Na floresta, Joniel est\u00e1 escondido atr\u00e1s de uma \u00e1rvore e observa Falstaff entregar uma pasta para um homem encapuzado. Joniel aparece diante de Falstaff e o homem. Mais dois homens saem detr\u00e1s das \u00e1rvores com foices e fac\u00f5es nas m\u00e3os. Joniel se v\u00ea cercado. Falstaff diz a Joniel que ele mexeu com quem n\u00e3o devia. Pietra se assusta com a porta se abrindo, \u00e9 Jacques que j\u00e1 entra ali com Mistral. Jacques faz um carinho em Lizabeta e diz que promete salv\u00e1-la. Otoniel d\u00e1 a espada Redentora a Enrico e diz que ele vai lutar com ela. Gonzalo luta com os guardas. Gonzalo diz que n\u00e3o quer machucar ningu\u00e9m, e quer apenas sair do castelo, mas Cedric parte pra cima dele, \u00e9 quando surge Severo e diz que ele est\u00e1 sob sua prote\u00e7\u00e3o. Enrico est\u00e1 com Otoniel e pede pra chamar Pietra. Otoniel pede que ou\u00e7a o que o pr\u00edncipe tem a dizer. Pietra se surpreende e olha para Enrico, que segura as suas m\u00e3os. Enrico pergunta se ela aceita se casar com ele. <\/p>\n<p>(*) edi\u00e7\u00e3o da Rede Record, Novela \u201cBelaventura\u201d, sujeito a altera\u00e7\u00e3o de data e conte\u00fado.<\/p>\n<p>\u201cBelaventura\u201d \u00e9 uma telenovela brasileira produzida pela RecordTV em parceria com a produtora Casablanca e exibida pela emissora a partir de 25 de julho de 2017 com previs\u00e3o de 150 cap\u00edtulos, substituindo a reprise de A Escrava Isaura. A trama \u00e9 a terceira exibida no hor\u00e1rio como novela das sete desde a reabertura da faixa para telenovelas, ocupada com telejornais at\u00e9 a estreia de Escrava M\u00e3e, em 2016. Foi a 28\u00aa novela exibida pela emissora desde a retomada da dramaturgia em 2004. Escrita por Gustavo Reiz com colabora\u00e7\u00e3o de Aline Garbati, Jussara Fazolo, Mariana Vielmond e Marco Borges, tendo dire\u00e7\u00e3o geral de Ivan Zettel e dire\u00e7\u00e3o art\u00edstica de Roberto Bomtempo. \u201cBelaventura\u201d foi a terceira telenovela brasileira gravada em resolu\u00e7\u00e3o 4K (UHDTV), formato superior ao HD usada nas produ\u00e7\u00f5es at\u00e9 ent\u00e3o, utilizando-se da mesma tecnologia dos filmes estadunidenses, sendo as duas anteriores tamb\u00e9m da RecordTV.<\/p>\n","protected":false},"excerpt":{"rendered":"<p>Novela \u201cBelaventura\u201d resumo 05\/09: no capitulo 031 (*) da novela \u201cBelaventura\u201d, ter\u00e7a-feira, 05 de setembro, Enrico tem a espada em riste na dire\u00e7\u00e3o de Merlino, que est\u00e1 assustado. Pietra ao lado de Enrico e Lizabeta desacordada. Otoniel diz a Mistral que teme perder tudo. Jacques amea\u00e7a Severo e diz que se Lizabeta morrer, o pai [&hellip;]<\/p>\n","protected":false},"author":2,"featured_media":117590,"comment_status":"open","ping_status":"closed","sticky":false,"template":"","format":"standard","meta":{"tdm_status":"","tdm_grid_status":"","footnotes":""},"categories":[379,371,343],"tags":[441],"class_list":{"0":"post-120425","1":"post","2":"type-post","3":"status-publish","4":"format-standard","5":"has-post-thumbnail","7":"category-novelas","8":"category-rede-record","9":"category-televisao","10":"tag-resumo-do-dia"},"_links":{"self":[{"href":"https:\/\/migracao.redenoticia.com.br\/noticia\/wp-json\/wp\/v2\/posts\/120425","targetHints":{"allow":["GET"]}}],"collection":[{"href":"https:\/\/migracao.redenoticia.com.br\/noticia\/wp-json\/wp\/v2\/posts"}],"about":[{"href":"https:\/\/migracao.redenoticia.com.br\/noticia\/wp-json\/wp\/v2\/types\/post"}],"author":[{"embeddable":true,"href":"https:\/\/migracao.redenoticia.com.br\/noticia\/wp-json\/wp\/v2\/users\/2"}],"replies":[{"embeddable":true,"href":"https:\/\/migracao.redenoticia.com.br\/noticia\/wp-json\/wp\/v2\/comments?post=120425"}],"version-history":[{"count":0,"href":"https:\/\/migracao.redenoticia.com.br\/noticia\/wp-json\/wp\/v2\/posts\/120425\/revisions"}],"wp:featuredmedia":[{"embeddable":true,"href":"https:\/\/migracao.redenoticia.com.br\/noticia\/wp-json\/wp\/v2\/media\/117590"}],"wp:attachment":[{"href":"https:\/\/migracao.redenoticia.com.br\/noticia\/wp-json\/wp\/v2\/media?parent=120425"}],"wp:term":[{"taxonomy":"category","embeddable":true,"href":"https:\/\/migracao.redenoticia.com.br\/noticia\/wp-json\/wp\/v2\/categories?post=120425"},{"taxonomy":"post_tag","embeddable":true,"href":"https:\/\/migracao.redenoticia.com.br\/noticia\/wp-json\/wp\/v2\/tags?post=120425"}],"curies":[{"name":"wp","href":"https:\/\/api.w.org\/{rel}","templated":true}]}}