{"id":120427,"date":"2017-09-04T16:44:49","date_gmt":"2017-09-04T19:44:49","guid":{"rendered":"https:\/\/www.redenoticia.com.br\/noticia\/?p=120427"},"modified":"2017-09-04T21:46:19","modified_gmt":"2017-09-05T00:46:19","slug":"novela-o-rico-e-lazaro-resumo-0509-nebuzarada-avisa-que-ira-se-vingar-de-asher","status":"publish","type":"post","link":"https:\/\/migracao.redenoticia.com.br\/noticia\/2017\/novela-o-rico-e-lazaro-resumo-0509-nebuzarada-avisa-que-ira-se-vingar-de-asher\/120427","title":{"rendered":"Novela \u201cO Rico e L\u00e1zaro\u201d resumo 05\/09: Asher avista Joana ao lado de Zac"},"content":{"rendered":"<p> <img loading=\"lazy\" decoding=\"async\" class=\"alignleft size-thumbnail wp-image-107948\" src=\"https:\/\/migracao.redenoticia.com.br\/noticia\/imagens\/o_rico_e_o_lazaro_resumo_novela_record-150x112.jpg\" alt=\"\" width=\"150\" height=\"112\" srcset=\"https:\/\/migracao.redenoticia.com.br\/noticia\/imagens\/o_rico_e_o_lazaro_resumo_novela_record-150x112.jpg 150w, https:\/\/migracao.redenoticia.com.br\/noticia\/imagens\/o_rico_e_o_lazaro_resumo_novela_record-265x198.jpg 265w\" sizes=\"auto, (max-width: 150px) 100vw, 150px\" \/><strong><em>Novela \u201cO Rico e L\u00e1zaro\u201d resumo 05\/09<\/em><\/strong>: no capitulo 127(*) da novela \u201cO Rico e L\u00e1zaro\u201d, ter\u00e7a-feira, 05 de setembro, Belsazar \u00e9 mimado por Nit\u00f3cris. Nabucodonosor afirma s\u00f3 reconhecer o Senhor dos hebreus como o \u00fanico Deus. Amitis fica apreensiva. Evil se declara para Shamiran. Lior v\u00ea Joana acompanhando Zac. Nabonido aconselha Nit\u00f3cris dizendo para n\u00e3o subestimar o rei. Lior diz que Asher n\u00e3o pode ir \u00e0 festa do rei, pois Joana tamb\u00e9m est\u00e1 indo com o noivo. Zac pede para Joana dar um sorriso. Arioque se lembra de Shag-Shag. Nebuzarad\u00e3 avisa \u00e0 Sammu-Ramat que ir\u00e1 se vingar de Asher. <\/p>\n<p>Para impedir a ida de Asher \u00e0 cerim\u00f4nia, Lior o golpeia na cabe\u00e7a. Joana se recusa a tratar Nebuzarad\u00e3 com cordialidade. Neusta diz que pedir\u00e1 a liberdade Joaquim ao rei. Joana n\u00e3o consegue disfar\u00e7ar o desconforto de conversar com o Chefe da Guarda Real. Desacordado, Asher \u00e9 amarrado por Lior. Davi sente ci\u00fames de Lia com o beb\u00ea. Darice oferece alimento para Shag-Shag e conta que o rei s\u00f3 se acalmava com a m\u00fasica de Hurzabum. Lior deixa Asher amarrado e segue para a festa. <\/p>\n<p>Zelfa ampara Malca. Ebede-Meleque chama Joana para conversar. Edissa leva alguns quitutes para Joaquim. Asher acorda e tenta se soltar. Absalom conversa com Nicolau e diz que ajudar\u00e1 Zac caso Asher reapare\u00e7a. Asher consegue se soltar e deixa o quarto. Fassur gosta de saber que viver\u00e1 sob o mesmo teto de Joana. Lior avisa que Asher n\u00e3o poder\u00e1 participar da cerim\u00f4nia. Joana conversa com Ebede e avisa que se casar\u00e1 com Zac. Matias entrega flores para Gadise e pede perd\u00e3o pelos erros do passado. Asher chega ao local da cerim\u00f4nia e avista Joana ao lado de Zac.<\/p>\n<p>(*) edi\u00e7\u00e3o da Rede Record, Novela \u201cO Rico e L\u00e1zaro\u201d, sujeito a altera\u00e7\u00e3o de data e conte\u00fado.<\/p>\n","protected":false},"excerpt":{"rendered":"<p>Novela \u201cO Rico e L\u00e1zaro\u201d resumo 05\/09: no capitulo 127(*) da novela \u201cO Rico e L\u00e1zaro\u201d, ter\u00e7a-feira, 05 de setembro, Belsazar \u00e9 mimado por Nit\u00f3cris. Nabucodonosor afirma s\u00f3 reconhecer o Senhor dos hebreus como o \u00fanico Deus. Amitis fica apreensiva. Evil se declara para Shamiran. Lior v\u00ea Joana acompanhando Zac. Nabonido aconselha Nit\u00f3cris dizendo para [&hellip;]<\/p>\n","protected":false},"author":2,"featured_media":107948,"comment_status":"open","ping_status":"closed","sticky":false,"template":"","format":"standard","meta":{"tdm_status":"","tdm_grid_status":"","footnotes":""},"categories":[379,371,343],"tags":[441],"class_list":{"0":"post-120427","1":"post","2":"type-post","3":"status-publish","4":"format-standard","5":"has-post-thumbnail","7":"category-novelas","8":"category-rede-record","9":"category-televisao","10":"tag-resumo-do-dia"},"_links":{"self":[{"href":"https:\/\/migracao.redenoticia.com.br\/noticia\/wp-json\/wp\/v2\/posts\/120427","targetHints":{"allow":["GET"]}}],"collection":[{"href":"https:\/\/migracao.redenoticia.com.br\/noticia\/wp-json\/wp\/v2\/posts"}],"about":[{"href":"https:\/\/migracao.redenoticia.com.br\/noticia\/wp-json\/wp\/v2\/types\/post"}],"author":[{"embeddable":true,"href":"https:\/\/migracao.redenoticia.com.br\/noticia\/wp-json\/wp\/v2\/users\/2"}],"replies":[{"embeddable":true,"href":"https:\/\/migracao.redenoticia.com.br\/noticia\/wp-json\/wp\/v2\/comments?post=120427"}],"version-history":[{"count":0,"href":"https:\/\/migracao.redenoticia.com.br\/noticia\/wp-json\/wp\/v2\/posts\/120427\/revisions"}],"wp:featuredmedia":[{"embeddable":true,"href":"https:\/\/migracao.redenoticia.com.br\/noticia\/wp-json\/wp\/v2\/media\/107948"}],"wp:attachment":[{"href":"https:\/\/migracao.redenoticia.com.br\/noticia\/wp-json\/wp\/v2\/media?parent=120427"}],"wp:term":[{"taxonomy":"category","embeddable":true,"href":"https:\/\/migracao.redenoticia.com.br\/noticia\/wp-json\/wp\/v2\/categories?post=120427"},{"taxonomy":"post_tag","embeddable":true,"href":"https:\/\/migracao.redenoticia.com.br\/noticia\/wp-json\/wp\/v2\/tags?post=120427"}],"curies":[{"name":"wp","href":"https:\/\/api.w.org\/{rel}","templated":true}]}}