{"id":120443,"date":"2017-09-04T16:31:59","date_gmt":"2017-09-04T19:31:59","guid":{"rendered":"https:\/\/www.redenoticia.com.br\/noticia\/?p=120443"},"modified":"2017-09-04T12:56:53","modified_gmt":"2017-09-04T15:56:53","slug":"resumo-novela-um-caminho-para-o-destino-0509-carlos-convida-fernanda-para-almocar","status":"publish","type":"post","link":"https:\/\/migracao.redenoticia.com.br\/noticia\/2017\/resumo-novela-um-caminho-para-o-destino-0509-carlos-convida-fernanda-para-almocar\/120443","title":{"rendered":"Resumo novela \u201cUm Caminho Para o Destino\u201d 05\/09: Carlos convida Fernanda para almo\u00e7ar"},"content":{"rendered":"<p><img loading=\"lazy\" decoding=\"async\" class=\"alignleft size-thumbnail wp-image-119749\" src=\"https:\/\/migracao.redenoticia.com.br\/noticia\/imagens\/um_caminho_destino_novela_sbt_resumo-150x112.jpg\" alt=\"\" width=\"150\" height=\"112\" srcset=\"https:\/\/migracao.redenoticia.com.br\/noticia\/imagens\/um_caminho_destino_novela_sbt_resumo-150x112.jpg 150w, https:\/\/migracao.redenoticia.com.br\/noticia\/imagens\/um_caminho_destino_novela_sbt_resumo-265x198.jpg 265w\" sizes=\"auto, (max-width: 150px) 100vw, 150px\" \/><strong><em>Resumo novela \u201cUm Caminho Para o Destino\u201d 05\/09<\/em><\/strong>: no cap\u00edtulo 007(*) da novela \u201cUm Caminho Para o Destino\u201d, resumo de ter\u00e7a-feira, 05 de setembro, Fernanda est\u00e1 muito preocupada com a m\u00e3e. Ela procura o Dr. Monteiro para perguntar o que aconteceu para que ela se sentisse t\u00e3o mal. Antes de sair Fernanda encontra uma bolsa com os peda\u00e7os do seu violino e tem uma crise de choro ao descobrir que foram colegas invejosas as respons\u00e1veis pelas maldades. Luiz diz a Marisa que vai acabar com a fam\u00edlia de Fernanda. Pedro continua trabalhando no jardim da casa de Marisa. Branca suspeita que Mariana esconde alguma coisa. Am\u00e9lia relembra com saudade a vida confort\u00e1vel que levava na casa do pai e odeia a pobreza em que tem vivido nos \u00faltimos dezenove anos. Mariana procura Luiz para contar que Carlos atendeu Fernanda. Fernanda chega na casa do Dr. Monteiro, v\u00ea o carro de seu pai estacionado na porta e deduz que ele j\u00e1 ficou sabendo do julgamento. Carlos encontra Fernanda e a convida para comer em um lugar muito elegante. Ela exagera na bebida. Enquanto isso Marisa e Isabela esperam para almo\u00e7ar e ele n\u00e3o aparece. Ele mente e diz a elas que est\u00e1 atendendo uma emerg\u00eancia no hospital. Isabela decide fazer uma surpresa para ele, vai at\u00e9 o hospital e, ao n\u00e3o encontr\u00e1-lo, tem uma crise de ci\u00fame. Pedro procura por Fernanda e n\u00e3o a encontra em nenhum lugar. Carlos leva Fernanda para casa. Quando Pedro chega, Fernanda finge que est\u00e1 dormindo. Carlos e Fernanda pensam um no outro. Carlos procura Isabela, mas \u00e9 recebido com frieza por ter mentido. Branca comenta com Mariana e Hernani que o Sr. Fernando falou um pouco sobre seu testamento. Hernani fica interessado e Mariana afirma que ela \u00e9 a \u00fanica herdeira. Branca lembra a todos que Am\u00e9lia e sua filha tamb\u00e9m tem direito a heran\u00e7a.<\/p>\n<p>(*) edi\u00e7\u00e3o do SBT, Novela \u201cUm Caminho Para o Destino\u201d, sujeito a altera\u00e7\u00e3o de data e conte\u00fado.<\/p>\n<p>Na fazenda da fam\u00edlia Altamirano vive Don Fernando, um vi\u00favo e pai de duas jovens: Amelia, a mais nova e sua consentida, e Mariana, a filha mais velha. Com eles tamb\u00e9m vivem Blanca, que cuida das filhas de Don Fernando desde o falecimento da m\u00e3e delas no parto de Amelia, e Pedro P\u00e9rez, o jardineiro da fazenda, que \u00e9 apaixonado por Amelia. Por\u00e9m Amelia \u00e9 apaixonada por Luis Montero, um estudante de direito cheio de ambi\u00e7\u00f5es. Amelia acaba se entregando a Luis e acaba engravidando. Ao saber da gravidez, Luis despreza Amelia e se casa com Marissa, uma rica vi\u00fava milion\u00e1ria e m\u00e3e de Carlos. Don Fernando, ao saber da gravidez de Amelia, acredita que o filho \u00e9 de Pedro e os expulsa da fazenda. Um tempo depois, Amelia e Pedro se casam e ele assume a paternidade da crian\u00e7a que ao nascer, \u00e9 batizada de Luisa Fernanda. 18 anos depois Luisa Fernanda \u00e9 uma linda mo\u00e7a que tem duas paix\u00f5es na vida: tocar violino e plantar, h\u00e1bitos que aprendeu com seu pai Pedro. Um certo dia, Luis, seu pai biol\u00f3gico, a atropela e a leva para o hospital onde trabalha seu enteado Carlos. A partir desse momento, nasce um amor entre eles. Carlos \u00e9 namorado de Isabela, ex-miss universo e uma solicitada modelo, mas termina com ela ao se apaixonar por Fernanda.<\/p>\n","protected":false},"excerpt":{"rendered":"<p>Resumo novela \u201cUm Caminho Para o Destino\u201d 05\/09: no cap\u00edtulo 007(*) da novela \u201cUm Caminho Para o Destino\u201d, resumo de ter\u00e7a-feira, 05 de setembro, Fernanda est\u00e1 muito preocupada com a m\u00e3e. Ela procura o Dr. Monteiro para perguntar o que aconteceu para que ela se sentisse t\u00e3o mal. Antes de sair Fernanda encontra uma bolsa [&hellip;]<\/p>\n","protected":false},"author":4,"featured_media":119749,"comment_status":"open","ping_status":"closed","sticky":false,"template":"","format":"standard","meta":{"tdm_status":"","tdm_grid_status":"","footnotes":""},"categories":[379,372,343],"tags":[441],"class_list":{"0":"post-120443","1":"post","2":"type-post","3":"status-publish","4":"format-standard","5":"has-post-thumbnail","7":"category-novelas","8":"category-sbt","9":"category-televisao","10":"tag-resumo-do-dia"},"_links":{"self":[{"href":"https:\/\/migracao.redenoticia.com.br\/noticia\/wp-json\/wp\/v2\/posts\/120443","targetHints":{"allow":["GET"]}}],"collection":[{"href":"https:\/\/migracao.redenoticia.com.br\/noticia\/wp-json\/wp\/v2\/posts"}],"about":[{"href":"https:\/\/migracao.redenoticia.com.br\/noticia\/wp-json\/wp\/v2\/types\/post"}],"author":[{"embeddable":true,"href":"https:\/\/migracao.redenoticia.com.br\/noticia\/wp-json\/wp\/v2\/users\/4"}],"replies":[{"embeddable":true,"href":"https:\/\/migracao.redenoticia.com.br\/noticia\/wp-json\/wp\/v2\/comments?post=120443"}],"version-history":[{"count":0,"href":"https:\/\/migracao.redenoticia.com.br\/noticia\/wp-json\/wp\/v2\/posts\/120443\/revisions"}],"wp:featuredmedia":[{"embeddable":true,"href":"https:\/\/migracao.redenoticia.com.br\/noticia\/wp-json\/wp\/v2\/media\/119749"}],"wp:attachment":[{"href":"https:\/\/migracao.redenoticia.com.br\/noticia\/wp-json\/wp\/v2\/media?parent=120443"}],"wp:term":[{"taxonomy":"category","embeddable":true,"href":"https:\/\/migracao.redenoticia.com.br\/noticia\/wp-json\/wp\/v2\/categories?post=120443"},{"taxonomy":"post_tag","embeddable":true,"href":"https:\/\/migracao.redenoticia.com.br\/noticia\/wp-json\/wp\/v2\/tags?post=120443"}],"curies":[{"name":"wp","href":"https:\/\/api.w.org\/{rel}","templated":true}]}}