{"id":120501,"date":"2017-09-04T16:39:35","date_gmt":"2017-09-04T19:39:35","guid":{"rendered":"https:\/\/www.redenoticia.com.br\/noticia\/?p=120501"},"modified":"2017-09-05T10:39:11","modified_gmt":"2017-09-05T13:39:11","slug":"resumo-novela-o-que-a-vida-me-roubou-0509-graziela-e-cumplice-de-pedro","status":"publish","type":"post","link":"https:\/\/migracao.redenoticia.com.br\/noticia\/2017\/resumo-novela-o-que-a-vida-me-roubou-0509-graziela-e-cumplice-de-pedro\/120501","title":{"rendered":"Resumo novela \u201cO Que A Vida Me Roubou\u201d 05\/09: Graziela \u00e9 c\u00famplice de Pedro"},"content":{"rendered":"<p> <img loading=\"lazy\" decoding=\"async\" src=\"https:\/\/migracao.redenoticia.com.br\/noticia\/imagens\/o-que-a-vida-me-roubou-novela-resumo-sbt-150x112.jpg\" alt=\"\" width=\"150\" height=\"112\" class=\"alignleft size-thumbnail wp-image-105656\" srcset=\"https:\/\/migracao.redenoticia.com.br\/noticia\/imagens\/o-que-a-vida-me-roubou-novela-resumo-sbt-150x112.jpg 150w, https:\/\/migracao.redenoticia.com.br\/noticia\/imagens\/o-que-a-vida-me-roubou-novela-resumo-sbt-265x198.jpg 265w\" sizes=\"auto, (max-width: 150px) 100vw, 150px\" \/><strong><em>Resumo novela \u201cO Que A Vida Me Roubou\u201d 05\/09<\/em><\/strong>: no cap\u00edtulo .157(*) da novela \u201cO Que A Vida Me Roubou\u201d, resumo de ter\u00e7a-feira, 05 de setembro, Graziela confessa ao Padre Anselmo que n\u00e3o est\u00e1 doente e que pagou a um m\u00e9dico para falsificar os testes. O Padre diz-lhe que ela deve confessar a verdade \u00e0 sua fam\u00edlia. N\u00e1dia lamenta tudo o que seu irm\u00e3o fez. Alessandro, Demetrio e Jos\u00e9 Lu\u00eds encontram Montserrat amorda\u00e7ada e percebem que ter\u00e3o pouco tempo para a salvar. <\/p>\n<p>Ela est\u00e1 quase afogada e tentam reanim\u00e1-la. Padre Anselmo conversa com Mac\u00e1rio e diz que espera que tenha esclarecido todos os mal entendidos com seu filho e que o trate com mais carinho. V\u00edtor avisa Mac\u00e1rio que Alessandro encontrou Kevin ferido e o levou para o hospital. Alessandro, Jos\u00e9 Lu\u00eds e Demetrio conseguem salvar Montserrat. Pedro e seus c\u00famplices chegam na casa de Alessandro, amarram V\u00edtor e se surpreendem ao ver Graziela de p\u00e9. Pedro rapta Vit\u00f3ria, Laurinho e Luiza. <\/p>\n<p>Graziela, ao tentar defend\u00ea-los, acaba por ser agredida. Amea\u00e7ada, Graziela dispara contra V\u00edtor. Ela atira em V\u00edtor e culpa Pedro por sua morte. Josefina conta a Demetrio que Pedro levou as crian\u00e7as e ele conta para Alessandro e Jos\u00e9 Luiz. Am\u00e9lia tamb\u00e9m acaba por ser raptada para ficar a tomar conta das crian\u00e7as. Graziela reza para que V\u00edtor n\u00e3o sobreviva. Esmeralda diz a Jos\u00e9 Luiz que Am\u00e9lia tamb\u00e9m est\u00e1 desaparecida. Dem\u00e9trio n\u00e3o consegue entender como Pedro entrou na casa. V\u00edtor acaba por revelar que foi Graziela quem abriu a porta a Pedro e disparou contra ele para que ningu\u00e9m soubesse que \u00e9 c\u00famplice de Pedro Medina.<\/p>\n<p>(*) edi\u00e7\u00e3o do SBT, Novela \u201cO Que A Vida Me Roubou\u201d, sujeito a altera\u00e7\u00e3o de data e conte\u00fado.<\/p>\n<p>Lo que la vida me rob\u00f3 (no Brasil, O Que a Vida Me Roubou) \u00e9 uma telenovela mexicana produzida por Angelli Nesma Medina para Televisa e exibida pelo Canal de las Estrellas entre 28 de outubro de 2013 e 27 de julho de 2014 em 196 cap\u00edtulos, substituindo La tempestad e sendo substitu\u00edda por Hasta el fin del mundo. A original \u00e9 de Caridad Bravo Adams, sendo esta um remake modernizado das novelas Bodas de odio e Amor real, produzidas em 1983 e 2003, respectivamente. Tem Angelique Boyer, Sebasti\u00e1n Rulli, Luis Roberto Guzm\u00e1n, Daniela Castro, Grettell Vald\u00e9z, Sergio Sendel e Lisset nos papeis principais.<\/p>\n","protected":false},"excerpt":{"rendered":"<p>Resumo novela \u201cO Que A Vida Me Roubou\u201d 05\/09: no cap\u00edtulo .157(*) da novela \u201cO Que A Vida Me Roubou\u201d, resumo de ter\u00e7a-feira, 05 de setembro, Graziela confessa ao Padre Anselmo que n\u00e3o est\u00e1 doente e que pagou a um m\u00e9dico para falsificar os testes. O Padre diz-lhe que ela deve confessar a verdade \u00e0 [&hellip;]<\/p>\n","protected":false},"author":2,"featured_media":105656,"comment_status":"open","ping_status":"closed","sticky":false,"template":"","format":"standard","meta":{"tdm_status":"","tdm_grid_status":"","footnotes":""},"categories":[379,372,343],"tags":[441],"class_list":{"0":"post-120501","1":"post","2":"type-post","3":"status-publish","4":"format-standard","5":"has-post-thumbnail","7":"category-novelas","8":"category-sbt","9":"category-televisao","10":"tag-resumo-do-dia"},"_links":{"self":[{"href":"https:\/\/migracao.redenoticia.com.br\/noticia\/wp-json\/wp\/v2\/posts\/120501","targetHints":{"allow":["GET"]}}],"collection":[{"href":"https:\/\/migracao.redenoticia.com.br\/noticia\/wp-json\/wp\/v2\/posts"}],"about":[{"href":"https:\/\/migracao.redenoticia.com.br\/noticia\/wp-json\/wp\/v2\/types\/post"}],"author":[{"embeddable":true,"href":"https:\/\/migracao.redenoticia.com.br\/noticia\/wp-json\/wp\/v2\/users\/2"}],"replies":[{"embeddable":true,"href":"https:\/\/migracao.redenoticia.com.br\/noticia\/wp-json\/wp\/v2\/comments?post=120501"}],"version-history":[{"count":0,"href":"https:\/\/migracao.redenoticia.com.br\/noticia\/wp-json\/wp\/v2\/posts\/120501\/revisions"}],"wp:featuredmedia":[{"embeddable":true,"href":"https:\/\/migracao.redenoticia.com.br\/noticia\/wp-json\/wp\/v2\/media\/105656"}],"wp:attachment":[{"href":"https:\/\/migracao.redenoticia.com.br\/noticia\/wp-json\/wp\/v2\/media?parent=120501"}],"wp:term":[{"taxonomy":"category","embeddable":true,"href":"https:\/\/migracao.redenoticia.com.br\/noticia\/wp-json\/wp\/v2\/categories?post=120501"},{"taxonomy":"post_tag","embeddable":true,"href":"https:\/\/migracao.redenoticia.com.br\/noticia\/wp-json\/wp\/v2\/tags?post=120501"}],"curies":[{"name":"wp","href":"https:\/\/api.w.org\/{rel}","templated":true}]}}