{"id":120512,"date":"2017-09-05T16:30:39","date_gmt":"2017-09-05T19:30:39","guid":{"rendered":"https:\/\/www.redenoticia.com.br\/noticia\/?p=120512"},"modified":"2017-09-05T16:08:49","modified_gmt":"2017-09-05T19:08:49","slug":"resumo-novela-no-limite-da-paixao-0609-frida-atropela-ana-cristina","status":"publish","type":"post","link":"https:\/\/migracao.redenoticia.com.br\/noticia\/2017\/resumo-novela-no-limite-da-paixao-0609-frida-atropela-ana-cristina\/120512","title":{"rendered":"Resumo novela \u201cNo Limite da Paix\u00e3o\u201d 06\/09: Frida atropela Ana Cristina"},"content":{"rendered":"<p> <img loading=\"lazy\" decoding=\"async\" class=\"alignleft size-thumbnail wp-image-113483\" src=\"https:\/\/migracao.redenoticia.com.br\/noticia\/imagens\/no-limite-da-paixao-novela-sbt-resumo-150x112.jpg\" alt=\"\" width=\"150\" height=\"112\" srcset=\"https:\/\/migracao.redenoticia.com.br\/noticia\/imagens\/no-limite-da-paixao-novela-sbt-resumo-150x112.jpg 150w, https:\/\/migracao.redenoticia.com.br\/noticia\/imagens\/no-limite-da-paixao-novela-sbt-resumo-265x198.jpg 265w\" sizes=\"auto, (max-width: 150px) 100vw, 150px\" \/><strong><em>Resumo novela \u201cNo Limite da Paix\u00e3o\u201d 06\/09<\/em><\/strong>: no cap\u00edtulo 078(*) da novela \u201cNo Limite da Paix\u00e3o\u201d, resumo de quarta-feira, 06 de setembro, Juliana critica Gabriel por sempre se colocar a favor de Maciel. Rebeca v\u00ea quando Gabriel tira do bolso um cheque assinado por Maciel e diz a ele que agora entende por que est\u00e1 sempre defendendo o \u201cpadrastro\u201d. Maciel pressiona Maria Madalena e diz que se ela continuar se negando a manter rela\u00e7\u00f5es com ele, ter\u00e1 que lhe devolver todo o dinheiro que emprestou a seus filhos. Juliana e Fernanda se encontram na casa de Maria Madalena. Juliana se encanta com a crian\u00e7a e pergunta quem \u00e9 o pai dela. <\/p>\n<p>Fernanda responde que a menina \u00e9 filha de Jos\u00e9 Alfredo. Ot\u00e1vio e Ana Cristina se encontram do lado de fora da escola e conversam. Frida flagra Ot\u00e1vio conversando com Ana Cristina na porta da escola e, sem pensar nas consequ\u00eancias, atropela a rival. Ot\u00e1vio se desespera ao ver Ana Cristina ca\u00edda e diz a Frida que ela ser\u00e1 responsabilizada pelo que acontecer. Frida, fingindo consterna\u00e7\u00e3o, diz que foi um acidente. C\u00e9lia pergunta a Maria Madalena se Maciel se transformou em um homem bom j\u00e1 que Jos\u00e9 Alfredo lhe entregou um cheque assinado por ele. <\/p>\n<p>O Tenente Almeida chega ao hospital para apurar como aconteceu o acidente de Ana Cristina, motivo pelo qual Frida foi internada em uma cl\u00ednica psiqui\u00e1trica. Jo\u00e3o Manuel diz a Fernandinho que ouviu sua m\u00e3e dizer a Marcelino que Frida est\u00e1 louca. Maciel diz a Jo\u00e3o Manuel que ele \u00e9 muito inteligente e tem sangue de imperador. Fernandinho ouve a conversa, pergunta a Maciel porque est\u00e1 dizendo essas coisas e questiona se ele \u00e9 o pai de Jo\u00e3o Manuel. Maciel responde que sim. Marcelino ouve tudo e, intrigado, pergunta ao Maciel porque est\u00e1 dizendo que Jo\u00e3o Manuel \u00e9 seu filho. Maciel responde que estava apenas brincando. Ot\u00e1vio pede a Ana Cristina que tome conta de seu filho enquanto Frida estiver no hospital.<\/p>\n<p>(*) edi\u00e7\u00e3o do SBT, Novela \u201cNo Limite da Paix\u00e3o\u201d, sujeito a altera\u00e7\u00e3o de data e conte\u00fado.<\/p>\n<p>\u201cNo Limite da Paix\u00e3o\u201d \u00e9 uma telenovela mexicana produzida por Salvador Mej\u00eda Alejandre para a Televisa e exibida pelo Canal de las Estrellas entre 11 de fevereiro e 2 de agosto de 2002. A trama \u00e9 baseada em Cadena de odio, uma radionovela de Hilda Morales Allois. Foi adaptada livremente por Liliana Abud, dire\u00e7\u00e3o de Miguel C\u00f3rcega e produ\u00e7\u00e3o executiva de Nathalie Lartilleux. A trama \u00e9 protagonizada por Susana Gonz\u00e1lez e C\u00e9sar \u00c9vora e antagonizada por Sabine Moussier e Alberto Estrella.<\/p>\n<p>Sinopse: Ana Cristina e Ot\u00e1vio ter\u00e3o que ultrapassar as barreiras das mentiras e enfrentar o sentimento que os condena. Rodeados das m\u00e1s inten\u00e7\u00f5es de seus inimigos, e os problemas que ter\u00e3o um a um at\u00e9 chegar a sua meta: estar juntos sem importar o passado. Ana Cristina \u00e9 uma jovem charmosa e de car\u00e1ter forte, \u00e9 a protegida de seu av\u00f4, Fernando Villareal. Quando Fernando fica doente, seu sobrinho Ot\u00e1vio Villareal, um homem cheio de rancor porque seu tio impediu seu casamento com sua amada Frida, viaja para v\u00ea-lo. Fernando morre, deixando em seu testamento a f\u00e1brica de sapatos para Ot\u00e1vio e Ana Cristina: eles s\u00e3o sua \u00fanica fam\u00edlia, mas como condi\u00e7\u00e3o devem se casar e viver juntos um ano antes de decidir o que fazer com a empresa. Maciel, o capataz das terras Villareal, come\u00e7a a caluniar a inofensiva Ana Cristina e convence Ot\u00e1vio para que busque Frida. Sem imaginar, com a conviv\u00eancia cresce um amor profundo entre os dois: ambos s\u00e3o v\u00edtimas de um grande \u00f3dio por parte de Maciel e Frida, ex-prometida de Ot\u00e1vio, que fazem at\u00e9 o imposs\u00edvel para separar os dois. Ot\u00e1vio dever\u00e1 decidir entre o filho que espera agora sua amada esposa Ana Cristina, e o filho de sua amante Frida que, na verdade, n\u00e3o \u00e9 seu. Mas a chegada de Martha, uma mulher misteriosa e obscura vai mudar completamente e vida de Ana Cristina e Ot\u00e1vio. Ela far\u00e1 de tudo para defender Ana Cristina nem que para isso precise revelar um grande segredo que guarda.<\/p>\n","protected":false},"excerpt":{"rendered":"<p>Resumo novela \u201cNo Limite da Paix\u00e3o\u201d 06\/09: no cap\u00edtulo 078(*) da novela \u201cNo Limite da Paix\u00e3o\u201d, resumo de quarta-feira, 06 de setembro, Juliana critica Gabriel por sempre se colocar a favor de Maciel. Rebeca v\u00ea quando Gabriel tira do bolso um cheque assinado por Maciel e diz a ele que agora entende por que est\u00e1 [&hellip;]<\/p>\n","protected":false},"author":2,"featured_media":113483,"comment_status":"open","ping_status":"closed","sticky":false,"template":"","format":"standard","meta":{"tdm_status":"","tdm_grid_status":"","footnotes":""},"categories":[379,372,343],"tags":[441],"class_list":{"0":"post-120512","1":"post","2":"type-post","3":"status-publish","4":"format-standard","5":"has-post-thumbnail","7":"category-novelas","8":"category-sbt","9":"category-televisao","10":"tag-resumo-do-dia"},"_links":{"self":[{"href":"https:\/\/migracao.redenoticia.com.br\/noticia\/wp-json\/wp\/v2\/posts\/120512","targetHints":{"allow":["GET"]}}],"collection":[{"href":"https:\/\/migracao.redenoticia.com.br\/noticia\/wp-json\/wp\/v2\/posts"}],"about":[{"href":"https:\/\/migracao.redenoticia.com.br\/noticia\/wp-json\/wp\/v2\/types\/post"}],"author":[{"embeddable":true,"href":"https:\/\/migracao.redenoticia.com.br\/noticia\/wp-json\/wp\/v2\/users\/2"}],"replies":[{"embeddable":true,"href":"https:\/\/migracao.redenoticia.com.br\/noticia\/wp-json\/wp\/v2\/comments?post=120512"}],"version-history":[{"count":0,"href":"https:\/\/migracao.redenoticia.com.br\/noticia\/wp-json\/wp\/v2\/posts\/120512\/revisions"}],"wp:featuredmedia":[{"embeddable":true,"href":"https:\/\/migracao.redenoticia.com.br\/noticia\/wp-json\/wp\/v2\/media\/113483"}],"wp:attachment":[{"href":"https:\/\/migracao.redenoticia.com.br\/noticia\/wp-json\/wp\/v2\/media?parent=120512"}],"wp:term":[{"taxonomy":"category","embeddable":true,"href":"https:\/\/migracao.redenoticia.com.br\/noticia\/wp-json\/wp\/v2\/categories?post=120512"},{"taxonomy":"post_tag","embeddable":true,"href":"https:\/\/migracao.redenoticia.com.br\/noticia\/wp-json\/wp\/v2\/tags?post=120512"}],"curies":[{"name":"wp","href":"https:\/\/api.w.org\/{rel}","templated":true}]}}